{"id":20715,"date":"2025-02-09T15:31:42","date_gmt":"2025-02-09T14:31:42","guid":{"rendered":"https:\/\/vrtec-sezana.si\/?p=20715"},"modified":"2025-02-09T15:31:42","modified_gmt":"2025-02-09T14:31:42","slug":"spoznavanje-barv","status":"publish","type":"post","link":"https:\/\/vrtec-sezana.si\/?p=20715","title":{"rendered":"Spoznavanje barv"},"content":{"rendered":"\n<p>Odpeljali smo se na \u010darobno pot v svet barv. Ob pripovedovanju pravljice&nbsp; Tri barve in ogledu slik smo spoznali rumeno, rde\u010do in modro barvo. Vsaka barva je \u017eivela v svoji hi\u0161i in risala predmete te iste barv. Vendar je barvam kmalu postalo dolg\u010das, zato so se pri\u010dele dru\u017eiti in skupaj risati predmete. Tako&nbsp; so z me\u0161anjem barv nastale \u0161e oran\u017ena, zelena in vijoli\u010dna barva. Pravljica nas je spodbudila , da smo postali pozorni na barve okoli nas. V igralnici&nbsp; smo iskali predmete rumene, rde\u010de in modre barve in se z njimi igrali. Izdelali smo plakat osnovnih barv. Preizkusili smo se v me\u0161anju barv in naslikali otrokom iz sosedne igralnice sliko Mavrica. Med igro smo razvr\u0161\u010dali barve&nbsp; v obro\u010de, \u0161katle, se igrali igro Semafor, peli pesmico Rde\u010d balon\u010dek. Na sprehodu smo opazovali barve avtomobilov , hi\u0161, narave.<\/p>\n\n\n\n<p>S pestro izbiro dejavnosti smo&nbsp; spoznali barve, ki nas obdajajo v vsakdanjem \u017eivljenju in jih poimenovali.<\/p>\n\n\n\n<p>Besedilo: Alenka Poto\u010dnik<\/p>\n\n\n\n<p>Fotografije: Tina Trobec<\/p>\n\n\n\n<p><\/p>\n\n\n\n<div class=\"wp-block-buttons is-layout-flex wp-block-buttons-is-layout-flex\">\n<div class=\"wp-block-button\"><a class=\"wp-block-button__link wp-element-button\" href=\"https:\/\/vrtec-sezana.si\/?page_id=20693\">GALERIJA<\/a><\/div>\n\n\n\n\n<\/div>\n","protected":false},"excerpt":{"rendered":"<p>Odpeljali smo se na \u010darobno pot v svet barv. Ob pripovedovanju pravljice&nbsp; Tri barve in ogledu slik smo spoznali rumeno, rde\u010do in modro barvo. Vsaka barva je \u017eivela v svoji hi\u0161i in risala predmete te iste barv. Vendar je barvam kmalu postalo&#8230;<\/p>\n","protected":false},"author":26,"featured_media":20713,"comment_status":"closed","ping_status":"closed","sticky":false,"template":"","format":"standard","meta":{"footnotes":""},"categories":[6],"tags":[],"jetpack_featured_media_url":"https:\/\/vrtec-sezana.si\/wp-content\/uploads\/2025\/02\/NASLOVNA-FOTKA.webp","_links":{"self":[{"href":"https:\/\/vrtec-sezana.si\/index.php?rest_route=\/wp\/v2\/posts\/20715"}],"collection":[{"href":"https:\/\/vrtec-sezana.si\/index.php?rest_route=\/wp\/v2\/posts"}],"about":[{"href":"https:\/\/vrtec-sezana.si\/index.php?rest_route=\/wp\/v2\/types\/post"}],"author":[{"embeddable":true,"href":"https:\/\/vrtec-sezana.si\/index.php?rest_route=\/wp\/v2\/users\/26"}],"replies":[{"embeddable":true,"href":"https:\/\/vrtec-sezana.si\/index.php?rest_route=%2Fwp%2Fv2%2Fcomments&post=20715"}],"version-history":[{"count":1,"href":"https:\/\/vrtec-sezana.si\/index.php?rest_route=\/wp\/v2\/posts\/20715\/revisions"}],"predecessor-version":[{"id":20716,"href":"https:\/\/vrtec-sezana.si\/index.php?rest_route=\/wp\/v2\/posts\/20715\/revisions\/20716"}],"wp:featuredmedia":[{"embeddable":true,"href":"https:\/\/vrtec-sezana.si\/index.php?rest_route=\/wp\/v2\/media\/20713"}],"wp:attachment":[{"href":"https:\/\/vrtec-sezana.si\/index.php?rest_route=%2Fwp%2Fv2%2Fmedia&parent=20715"}],"wp:term":[{"taxonomy":"category","embeddable":true,"href":"https:\/\/vrtec-sezana.si\/index.php?rest_route=%2Fwp%2Fv2%2Fcategories&post=20715"},{"taxonomy":"post_tag","embeddable":true,"href":"https:\/\/vrtec-sezana.si\/index.php?rest_route=%2Fwp%2Fv2%2Ftags&post=20715"}],"curies":[{"name":"wp","href":"https:\/\/api.w.org\/{rel}","templated":true}]}}