{"id":20691,"date":"2025-02-08T14:03:15","date_gmt":"2025-02-08T13:03:15","guid":{"rendered":"https:\/\/vrtec-sezana.si\/?p=20691"},"modified":"2025-02-08T14:03:15","modified_gmt":"2025-02-08T13:03:15","slug":"obisk-kurentov-v-materiji","status":"publish","type":"post","link":"https:\/\/vrtec-sezana.si\/?p=20691","title":{"rendered":"Obisk kurentov v Materiji"},"content":{"rendered":"\n<p>Letos smo v Materiji do\u017eiveli prav poseben dan, saj so nas obiskali kurenti! S svojim glasnim zvonjenjem in pisanimi opravami so prinesli pravo pustno vzdu\u0161je ter nas pozdravili na edinstven na\u010din. Otroci so jih z navdu\u0161enjem opazovali, nekateri so se jih radovedno dotaknili, drugi pa so jih ob\u010dudovali s spo\u0161tovanjem in ob\u010dudovanjem.<\/p>\n\n\n\n<p>Ob tej prilo\u017enosti smo si pobli\u017ee ogledali njihovo zanimivo pustno opravo \u2013 ov\u010dje ko\u017euhe, rogove, zvonce in pisan trak na kapi. Kurenti so nam razlo\u017eili, da s svojim plesom in zvonjenjem odganjajo zimo in kli\u010dejo pomlad. Otroci so jih z veseljem spremljali in se na koncu z njimi tudi fotografirali, da bi ohranili spomin na ta \u010dudovit obisk.<\/p>\n\n\n\n<p>Ob slovesu smo se dogovorili, da nas bodo kurenti obiskali tudi prihodnje leto. Z velikim veseljem jih bomo znova sprejeli in skupaj ohranjali to bogato kulturno tradicijo.<\/p>\n\n\n\n<p>Besedilo: Marjeta Prunk Sluga<\/p>\n\n\n\n<p>Fotografije: arhiv enote Materija<\/p>\n\n\n\n<div class=\"wp-block-buttons is-layout-flex wp-block-buttons-is-layout-flex\">\n<div class=\"wp-block-button\"><a class=\"wp-block-button__link wp-element-button\" href=\"https:\/\/vrtec-sezana.si\/?page_id=20679\">GALERIJA<\/a><\/div>\n<\/div>\n","protected":false},"excerpt":{"rendered":"<p>Letos smo v Materiji do\u017eiveli prav poseben dan, saj so nas obiskali kurenti! S svojim glasnim zvonjenjem in pisanimi opravami so prinesli pravo pustno vzdu\u0161je ter nas pozdravili na edinstven na\u010din. Otroci so jih z navdu\u0161enjem opazovali, nekateri so se jih radovedno&#8230;<\/p>\n","protected":false},"author":11,"featured_media":20687,"comment_status":"closed","ping_status":"closed","sticky":false,"template":"","format":"standard","meta":{"footnotes":""},"categories":[16],"tags":[],"jetpack_featured_media_url":"https:\/\/vrtec-sezana.si\/wp-content\/uploads\/2025\/02\/IMG-b9a831ed52da2faa8c3bd0b7601ec5c1-V.jpg","_links":{"self":[{"href":"https:\/\/vrtec-sezana.si\/index.php?rest_route=\/wp\/v2\/posts\/20691"}],"collection":[{"href":"https:\/\/vrtec-sezana.si\/index.php?rest_route=\/wp\/v2\/posts"}],"about":[{"href":"https:\/\/vrtec-sezana.si\/index.php?rest_route=\/wp\/v2\/types\/post"}],"author":[{"embeddable":true,"href":"https:\/\/vrtec-sezana.si\/index.php?rest_route=\/wp\/v2\/users\/11"}],"replies":[{"embeddable":true,"href":"https:\/\/vrtec-sezana.si\/index.php?rest_route=%2Fwp%2Fv2%2Fcomments&post=20691"}],"version-history":[{"count":1,"href":"https:\/\/vrtec-sezana.si\/index.php?rest_route=\/wp\/v2\/posts\/20691\/revisions"}],"predecessor-version":[{"id":20692,"href":"https:\/\/vrtec-sezana.si\/index.php?rest_route=\/wp\/v2\/posts\/20691\/revisions\/20692"}],"wp:featuredmedia":[{"embeddable":true,"href":"https:\/\/vrtec-sezana.si\/index.php?rest_route=\/wp\/v2\/media\/20687"}],"wp:attachment":[{"href":"https:\/\/vrtec-sezana.si\/index.php?rest_route=%2Fwp%2Fv2%2Fmedia&parent=20691"}],"wp:term":[{"taxonomy":"category","embeddable":true,"href":"https:\/\/vrtec-sezana.si\/index.php?rest_route=%2Fwp%2Fv2%2Fcategories&post=20691"},{"taxonomy":"post_tag","embeddable":true,"href":"https:\/\/vrtec-sezana.si\/index.php?rest_route=%2Fwp%2Fv2%2Ftags&post=20691"}],"curies":[{"name":"wp","href":"https:\/\/api.w.org\/{rel}","templated":true}]}}