{"id":20643,"date":"2025-02-07T13:36:10","date_gmt":"2025-02-07T12:36:10","guid":{"rendered":"https:\/\/vrtec-sezana.si\/?p=20643"},"modified":"2025-02-07T13:36:10","modified_gmt":"2025-02-07T12:36:10","slug":"s-poezijo-v-kulturni-dan","status":"publish","type":"post","link":"https:\/\/vrtec-sezana.si\/?p=20643","title":{"rendered":"S poezijo v kulturni dan"},"content":{"rendered":"\n<p><\/p>\n\n\n\n<p>Skupine najmlaj\u0161ih v enoti Lehte&nbsp; &nbsp;(\u017dabice, \u010cebelice, Krtki in Sovice) &nbsp;smo kulturni dan obele\u017eile s poezijo in simboli slovenske kulture. Otroci so prisluhnili poeziji Miroslava Ko\u0161ute \u2013 <em>Lestev in sir\u010dek<\/em> ter Sre\u010dka Kosovela \u2013 <em>Medvedki sladkosnedki<\/em>. Skozi rime in igrivo interpretacijo vzgojiteljice Da\u0161e so otroci spoznavali melodijo jezika ter u\u017eivali v ritmu besed.<\/p>\n\n\n\n<p>Poseben trenutek je bil ogled slovenske zastave, kjer smo otrokom predstavili njene barve in pomen. Ob njej smo prisluhnili slovenski himni <em>Zdravljica<\/em>, kar je ustvarilo slovesno vzdu\u0161je.<\/p>\n\n\n\n<p>Slovesnost smo zaklju\u010dili s poslu\u0161anjem slovenskih ljudskih pesmi za otroke in ob tem tudi zaplesali.<\/p>\n\n\n\n<p>Skozi do\u017eivljanje poezije in simbolov smo najmlaj\u0161im na preprost na\u010din pribli\u017eali bogastvo slovenske kulture.<\/p>\n\n\n\n<p>Besedilo: Jelka Orel<\/p>\n\n\n\n<p>Fotografije: Nika Lah Kari\u017e<\/p>\n\n\n\n<p><\/p>\n\n\n\n<div class=\"wp-block-buttons is-layout-flex wp-block-buttons-is-layout-flex\">\n<div class=\"wp-block-button\"><a class=\"wp-block-button__link wp-element-button\" href=\"https:\/\/vrtec-sezana.si\/?page_id=20636\">GALERIJA<\/a><\/div>\n\n\n\n\n<\/div>\n","protected":false},"excerpt":{"rendered":"<p>Skupine najmlaj\u0161ih v enoti Lehte&nbsp; &nbsp;(\u017dabice, \u010cebelice, Krtki in Sovice) &nbsp;smo kulturni dan obele\u017eile s poezijo in simboli slovenske kulture. Otroci so prisluhnili poeziji Miroslava Ko\u0161ute \u2013 Lestev in sir\u010dek ter Sre\u010dka Kosovela \u2013 Medvedki sladkosnedki. Skozi rime in igrivo interpretacijo vzgojiteljice&#8230;<\/p>\n","protected":false},"author":4,"featured_media":20644,"comment_status":"closed","ping_status":"closed","sticky":false,"template":"","format":"standard","meta":{"footnotes":""},"categories":[6],"tags":[],"jetpack_featured_media_url":"https:\/\/vrtec-sezana.si\/wp-content\/uploads\/2025\/02\/1738927839518-scaled.jpg","_links":{"self":[{"href":"https:\/\/vrtec-sezana.si\/index.php?rest_route=\/wp\/v2\/posts\/20643"}],"collection":[{"href":"https:\/\/vrtec-sezana.si\/index.php?rest_route=\/wp\/v2\/posts"}],"about":[{"href":"https:\/\/vrtec-sezana.si\/index.php?rest_route=\/wp\/v2\/types\/post"}],"author":[{"embeddable":true,"href":"https:\/\/vrtec-sezana.si\/index.php?rest_route=\/wp\/v2\/users\/4"}],"replies":[{"embeddable":true,"href":"https:\/\/vrtec-sezana.si\/index.php?rest_route=%2Fwp%2Fv2%2Fcomments&post=20643"}],"version-history":[{"count":1,"href":"https:\/\/vrtec-sezana.si\/index.php?rest_route=\/wp\/v2\/posts\/20643\/revisions"}],"predecessor-version":[{"id":20645,"href":"https:\/\/vrtec-sezana.si\/index.php?rest_route=\/wp\/v2\/posts\/20643\/revisions\/20645"}],"wp:featuredmedia":[{"embeddable":true,"href":"https:\/\/vrtec-sezana.si\/index.php?rest_route=\/wp\/v2\/media\/20644"}],"wp:attachment":[{"href":"https:\/\/vrtec-sezana.si\/index.php?rest_route=%2Fwp%2Fv2%2Fmedia&parent=20643"}],"wp:term":[{"taxonomy":"category","embeddable":true,"href":"https:\/\/vrtec-sezana.si\/index.php?rest_route=%2Fwp%2Fv2%2Fcategories&post=20643"},{"taxonomy":"post_tag","embeddable":true,"href":"https:\/\/vrtec-sezana.si\/index.php?rest_route=%2Fwp%2Fv2%2Ftags&post=20643"}],"curies":[{"name":"wp","href":"https:\/\/api.w.org\/{rel}","templated":true}]}}