{"id":19966,"date":"2025-01-09T09:48:50","date_gmt":"2025-01-09T08:48:50","guid":{"rendered":"https:\/\/vrtec-sezana.si\/?p=19966"},"modified":"2025-01-09T09:54:15","modified_gmt":"2025-01-09T08:54:15","slug":"vesele-decembrske-dogodivscine-v-skupini-cebelice","status":"publish","type":"post","link":"https:\/\/vrtec-sezana.si\/?p=19966","title":{"rendered":"Vesele decembrske dogodiv\u0161\u010dine v skupini \u010cebelice"},"content":{"rendered":"\n<p>December je v na\u0161em vrtcu poln veselja in prazni\u010dnega vzdu\u0161ja. Skupaj smo okrasili garderobo in igralnico, novoletno jelko pa smo okrasili s pisanimi okraski, ki smo jih prinesli od doma. &nbsp;Skupaj smo plesali ob prazni\u010dni glasbi in si ogledali lutkovno predstavo <em>Zverjasec<\/em>, ki nas je navdu\u0161ila.<\/p>\n\n\n\n<p>S \u010dopi\u010di in barvami smo ustvarjali svoje okraske, ki so popestrili na\u0161o igralnico. Obiskal nas je tudi dedek Mraz, pod jelko pa nas je \u010dakalo posebno darilo za skupino. Z novimi igra\u010dami smo se igrali in raziskovali, medtem ko smo se dru\u017eili s skupinama na vhodu.<\/p>\n\n\n\n<p>Poleg ustvarjalnih dejavnosti smo imeli gibalne urice v ve\u010dnamenskem prostoru in garderobi, kjer smo se gibali in zabavali skupaj s prijatelji. Prazni\u010dni december nam je prinesel veliko lepih trenutkov, ki nas bodo greli \u0161e dolgo v novo leto.<\/p>\n\n\n\n<p>Besedilo: Jelka Orel<\/p>\n\n\n\n<p>Fotografije: Nika Lah Kari\u017e<\/p>\n\n\n\n<p><\/p>\n\n\n\n<div class=\"wp-block-buttons is-layout-flex wp-block-buttons-is-layout-flex\">\n<div class=\"wp-block-button\"><a class=\"wp-block-button__link wp-element-button\" href=\"https:\/\/vrtec-sezana.si\/?page_id=19950\">GALERIJA<\/a><\/div>\n\n\n\n\n<\/div>\n","protected":false},"excerpt":{"rendered":"<p>December je v na\u0161em vrtcu poln veselja in prazni\u010dnega vzdu\u0161ja. Skupaj smo okrasili garderobo in igralnico, novoletno jelko pa smo okrasili s pisanimi okraski, ki smo jih prinesli od doma. &nbsp;Skupaj smo plesali ob prazni\u010dni glasbi in si ogledali lutkovno predstavo Zverjasec,&#8230;<\/p>\n","protected":false},"author":4,"featured_media":19962,"comment_status":"closed","ping_status":"closed","sticky":false,"template":"","format":"standard","meta":{"footnotes":""},"categories":[6],"tags":[],"jetpack_featured_media_url":"https:\/\/vrtec-sezana.si\/wp-content\/uploads\/2025\/01\/decemb-12-scaled.jpg","_links":{"self":[{"href":"https:\/\/vrtec-sezana.si\/index.php?rest_route=\/wp\/v2\/posts\/19966"}],"collection":[{"href":"https:\/\/vrtec-sezana.si\/index.php?rest_route=\/wp\/v2\/posts"}],"about":[{"href":"https:\/\/vrtec-sezana.si\/index.php?rest_route=\/wp\/v2\/types\/post"}],"author":[{"embeddable":true,"href":"https:\/\/vrtec-sezana.si\/index.php?rest_route=\/wp\/v2\/users\/4"}],"replies":[{"embeddable":true,"href":"https:\/\/vrtec-sezana.si\/index.php?rest_route=%2Fwp%2Fv2%2Fcomments&post=19966"}],"version-history":[{"count":4,"href":"https:\/\/vrtec-sezana.si\/index.php?rest_route=\/wp\/v2\/posts\/19966\/revisions"}],"predecessor-version":[{"id":19984,"href":"https:\/\/vrtec-sezana.si\/index.php?rest_route=\/wp\/v2\/posts\/19966\/revisions\/19984"}],"wp:featuredmedia":[{"embeddable":true,"href":"https:\/\/vrtec-sezana.si\/index.php?rest_route=\/wp\/v2\/media\/19962"}],"wp:attachment":[{"href":"https:\/\/vrtec-sezana.si\/index.php?rest_route=%2Fwp%2Fv2%2Fmedia&parent=19966"}],"wp:term":[{"taxonomy":"category","embeddable":true,"href":"https:\/\/vrtec-sezana.si\/index.php?rest_route=%2Fwp%2Fv2%2Fcategories&post=19966"},{"taxonomy":"post_tag","embeddable":true,"href":"https:\/\/vrtec-sezana.si\/index.php?rest_route=%2Fwp%2Fv2%2Ftags&post=19966"}],"curies":[{"name":"wp","href":"https:\/\/api.w.org\/{rel}","templated":true}]}}