{"id":19196,"date":"2024-12-23T18:03:41","date_gmt":"2024-12-23T17:03:41","guid":{"rendered":"https:\/\/vrtec-sezana.si\/?p=19196"},"modified":"2024-12-23T18:03:41","modified_gmt":"2024-12-23T17:03:41","slug":"veseli-december-v-skupini-netopircki","status":"publish","type":"post","link":"https:\/\/vrtec-sezana.si\/?p=19196","title":{"rendered":"Veseli december v skupini Netopir\u010dki"},"content":{"rendered":"\n<p>Prvega decembra nas je v igralnici pri\u010dakala posebna skrinja, ki so jo pripravili \u00bbNetopir\u010dki\u00ab. Skupaj smo jo odprli in prebrali pismo, v katerem je pisalo, da nas bo v njej vsak dan \u010dakal listek z opisom dogodiv\u0161\u010dine za tisti dan. Tako smo jo vsak dan z navdu\u0161enjem odpirali in odkrivali nove aktivnosti.<br>V decembru smo igralnico okrasili s prazni\u010dnimi okraski, ki smo jih izdelali sami. Okrasili smo tudi skupno smre\u010dico v garderobi in se pridru\u017eili otrokom iz drugih skupin pri skupnem rajanju. Ob petju, plesu in igri smo skupaj ustvarili pravo prazni\u010dno vzdu\u0161je. Izdelali smo prazni\u010dne vo\u0161\u010dilnice za dru\u017eine otrok in za starostnike doma upokojencev ter namizne okraske, pri \u010demer so otroci pokazali veliko ustvarjalnosti in ponosa. Organizirali smo tudi fotografiranje, iz katerega smo za vsakogar izdelali okrasek za smre\u010dico.<br>Med nami so bile tudi ma\u017eoretke, ki so nam pokazale svoje spretnosti. Otroci so z veseljem poskusili vrteti palice ter plesati s cofki in ruticami. Navdihnjeni smo nadaljevali s plesom tudi v igralnici, kjer so otroci z ruticami plesali ob zvokih klasi\u010dne glasbe.<br>Skrinja nas je razveselila z novimi pravljicami. Otroci so jih poslu\u0161ali z zanimanjem, nekatere pa so \u017eeleli sli\u0161ati znova in znova.<br>Sejali smo bo\u017ei\u010dno \u017eito, ki so ga de\u017eurni otroci pridno zalivali. Z velikim pri\u010dakovanjem smo opazovali, kdaj bo vzklilo. Poleg tega smo napisali pisma dedku Mrazu \u2013 vsak otrok je narisal svojo \u017eeljo. Risbe smo v veliki kuverti skupaj odnesli na po\u0161to.<br>Ko nas je obiskal Dedek Mraz, je bilo to za otroke pravo do\u017eivetje. Presenetila sta nas dva \u0161kratka, ki sta stekla mimo oken, za njima pa je pri\u0161el Dedek Mraz. Otroci so mu zapeli pesem Siva ku\u010dma, nato pa ga pri\u010dakali v garderobi, kjer je obdaril vse skupine z novimi igra\u010dami. Seveda smo se z njim tudi fotografirali.<br>Izvedli smo zimski pohod do \u017divega muzeja Krasa in stare \u0161tirne. Opazovali smo zamrznjeno vodo ter se na poti nazaj igrali na igri\u0161\u010du pri gasilskem domu. Obiskali smo tudi prazni\u010dno okra\u0161eno Se\u017eano. Sprehodili smo se po prazni\u010dno okra\u0161eni Se\u017eani in ob\u010dudovali lu\u010dke, smre\u010dice ter obiskali Botani\u010dni park. Tam smo se sprehodili skozi zimski gozd, sre\u010dali \u0161kratke in \u017eivali ter si ogledali zimsko animacijo.<br>Decembrske dogodiv\u0161\u010dine smo zaokro\u017eili s kino dnevom in obiskom pri mamici enega od otrok. Ogledali smo si Ljudsko univerzo, kjer so nam razkazali prostore, pogostili s toplimi napitki in predstavili, kako se u\u010dijo odrasli. Obisk smo zaklju\u010dili z igro na igri\u0161\u010du.Zadnji petek pred prazniki pa smo se pogostili z dobroto, ki so jo otroci sami pripravili.<\/p>\n\n\n\n<p>December v skupini Netopir\u010dki je res \u010daroben. Vsak dan je nekaj posebnega in imeli imamo se zelo lepo.<\/p>\n\n\n\n<p>Ob praznikih vam vsi v skupini Netopir\u010dki \u017eelimo lepe in mirne praznike!<\/p>\n\n\n\n<p>Besedilo: Anja Vi\u0161\u010dek<\/p>\n\n\n\n<div class=\"wp-block-buttons is-layout-flex wp-block-buttons-is-layout-flex\">\n<div class=\"wp-block-button\"><a class=\"wp-block-button__link wp-element-button\" href=\"https:\/\/vrtec-sezana.si\/?page_id=19175\">GALERIJA<\/a><\/div>\n<\/div>\n","protected":false},"excerpt":{"rendered":"<p>Prvega decembra nas je v igralnici pri\u010dakala posebna skrinja, ki so jo pripravili \u00bbNetopir\u010dki\u00ab. Skupaj smo jo odprli in prebrali pismo, v katerem je pisalo, da nas bo v njej vsak dan \u010dakal listek z opisom dogodiv\u0161\u010dine za tisti dan. Tako smo&#8230;<\/p>\n","protected":false},"author":5,"featured_media":19184,"comment_status":"closed","ping_status":"closed","sticky":false,"template":"","format":"standard","meta":{"footnotes":""},"categories":[8],"tags":[],"jetpack_featured_media_url":"https:\/\/vrtec-sezana.si\/wp-content\/uploads\/2024\/12\/IMG-20241205-WA0013.jpg","_links":{"self":[{"href":"https:\/\/vrtec-sezana.si\/index.php?rest_route=\/wp\/v2\/posts\/19196"}],"collection":[{"href":"https:\/\/vrtec-sezana.si\/index.php?rest_route=\/wp\/v2\/posts"}],"about":[{"href":"https:\/\/vrtec-sezana.si\/index.php?rest_route=\/wp\/v2\/types\/post"}],"author":[{"embeddable":true,"href":"https:\/\/vrtec-sezana.si\/index.php?rest_route=\/wp\/v2\/users\/5"}],"replies":[{"embeddable":true,"href":"https:\/\/vrtec-sezana.si\/index.php?rest_route=%2Fwp%2Fv2%2Fcomments&post=19196"}],"version-history":[{"count":1,"href":"https:\/\/vrtec-sezana.si\/index.php?rest_route=\/wp\/v2\/posts\/19196\/revisions"}],"predecessor-version":[{"id":19197,"href":"https:\/\/vrtec-sezana.si\/index.php?rest_route=\/wp\/v2\/posts\/19196\/revisions\/19197"}],"wp:featuredmedia":[{"embeddable":true,"href":"https:\/\/vrtec-sezana.si\/index.php?rest_route=\/wp\/v2\/media\/19184"}],"wp:attachment":[{"href":"https:\/\/vrtec-sezana.si\/index.php?rest_route=%2Fwp%2Fv2%2Fmedia&parent=19196"}],"wp:term":[{"taxonomy":"category","embeddable":true,"href":"https:\/\/vrtec-sezana.si\/index.php?rest_route=%2Fwp%2Fv2%2Fcategories&post=19196"},{"taxonomy":"post_tag","embeddable":true,"href":"https:\/\/vrtec-sezana.si\/index.php?rest_route=%2Fwp%2Fv2%2Ftags&post=19196"}],"curies":[{"name":"wp","href":"https:\/\/api.w.org\/{rel}","templated":true}]}}