{"id":19169,"date":"2024-12-22T09:54:43","date_gmt":"2024-12-22T08:54:43","guid":{"rendered":"https:\/\/vrtec-sezana.si\/?p=19169"},"modified":"2024-12-22T09:54:43","modified_gmt":"2024-12-22T08:54:43","slug":"repa-velikanka","status":"publish","type":"post","link":"https:\/\/vrtec-sezana.si\/?p=19169","title":{"rendered":"Repa velikanka"},"content":{"rendered":"\n<p>Z otroki smo se pogovarjali kaj nam je v\u0161e\u010d na Krasu, katera zelenjava in sadje raste na vrtu in njivi, o trti, kaj naredimo iz grozdja, jabolk, hru\u0161k, kako se imenuje drevo, kjer rastejo jabolka. Otroci so bolj seznanjeni z imeni sadja kot zelenjave, zato smo si zelenjavo ogledali, jo tipali, vohali, jo poimenovali. Igrali smo se didakti\u010dne igre, kjer smo razvr\u0161\u010dali zelenjavo, ki raste nad zemljo in tisto, ki raste pod zemljo. Pri malici in kosilu smo se o zelenjavi pogovarjali medtem, ko smo jo jedli. Zaradi zanimanja otrok smo obiskali Kosovelovo knji\u017enico, kjer nam je knji\u017eni\u010darka predstavila slikanico Repa velikanka. Otrokom je bila zgodba zelo v\u0161e\u010d in hitro so si jo zapomnili. Odlo\u010dili smo se, da jo bomo zaigrali, \u0161e prej pa izdelali sceno, kostume, izbrali primerno glasbo in dolo\u010dili vloge. Za la\u017eje predstavljanje in v\u017eivljanje smo si ogledali dramatizacijo Debela repa v izvedbi strokovnih delavk Vrtca Se\u017eana. V naslednjih 10 dneh smo jo zaigrali vsem skupinam enote Se\u017eana in po\u017eeli bu\u010den aplavz. Sodelavke so nas posnele in posnetek smo si ogledali ter komentirali, kaj bi lahko bilo \u0161e bolj\u0161e, kaj jim je bilo v\u0161e\u010d. Na sre\u010danju s star\u0161i pa je bilo \u0161e posebej vznemirljivo. Toda bili smo pogumni in po\u017eeli pohvale.<\/p>\n\n\n\n<p>Prav Repa velikanka je \u010dudovit primer skupinskega dela in vztrajnosti \u2013 vrednot, ki jih spodbujamo v na\u0161em vrtcu. Otroci so s pomo\u010djo igre spoznali, kako pomembno je sodelovati, si pomagati in nikoli ne obupati tudi kadar naletimo na velike izzive \u2013 pa naj bo to velika repa ali kak\u0161na druga velikanka v \u017eivljenju. V procesu priprave te dramatizacije so otroci razvijali \u0161tevilne ve\u0161\u010dine. Dopolnili so svoje govorne sposobnosti, krepili domi\u0161ljijo, se u\u010dili nastopanja pred ob\u010dinstvom in obenem u\u017eivali v skupinskem ustvarjanju. Tukaj ne gre zgolj za zgodbo ampak za pomembno lekcijo, ki jo nosi s seboj \u2013 da vsakdo v skupnosti \u0161teje ne glede na velikost ali mo\u010d. Izredno smo bili ponosni, da smo jih lahko ob\u010dudovali v njihovi predstavi dramatizaciji zgodbe Repa velikanka.<\/p>\n\n\n\n<p>Besedilo: Katja Po\u017ear<\/p>\n\n\n\n<p><\/p>\n\n\n\n<p><\/p>\n\n\n\n<p><\/p>\n\n\n\n<div class=\"wp-block-buttons is-layout-flex wp-block-buttons-is-layout-flex\">\n<div class=\"wp-block-button\"><a class=\"wp-block-button__link wp-element-button\" href=\"https:\/\/vrtec-sezana.si\/?page_id=19145\">GALERIJA<\/a><\/div>\n<\/div>\n","protected":false},"excerpt":{"rendered":"<p>Z otroki smo se pogovarjali kaj nam je v\u0161e\u010d na Krasu, katera zelenjava in sadje raste na vrtu in njivi, o trti, kaj naredimo iz grozdja, jabolk, hru\u0161k, kako se imenuje drevo, kjer rastejo jabolka. Otroci so bolj seznanjeni z imeni sadja&#8230;<\/p>\n","protected":false},"author":21,"featured_media":19170,"comment_status":"closed","ping_status":"closed","sticky":false,"template":"","format":"standard","meta":{"footnotes":""},"categories":[8],"tags":[],"jetpack_featured_media_url":"https:\/\/vrtec-sezana.si\/wp-content\/uploads\/2024\/12\/repa.jpg","_links":{"self":[{"href":"https:\/\/vrtec-sezana.si\/index.php?rest_route=\/wp\/v2\/posts\/19169"}],"collection":[{"href":"https:\/\/vrtec-sezana.si\/index.php?rest_route=\/wp\/v2\/posts"}],"about":[{"href":"https:\/\/vrtec-sezana.si\/index.php?rest_route=\/wp\/v2\/types\/post"}],"author":[{"embeddable":true,"href":"https:\/\/vrtec-sezana.si\/index.php?rest_route=\/wp\/v2\/users\/21"}],"replies":[{"embeddable":true,"href":"https:\/\/vrtec-sezana.si\/index.php?rest_route=%2Fwp%2Fv2%2Fcomments&post=19169"}],"version-history":[{"count":1,"href":"https:\/\/vrtec-sezana.si\/index.php?rest_route=\/wp\/v2\/posts\/19169\/revisions"}],"predecessor-version":[{"id":19171,"href":"https:\/\/vrtec-sezana.si\/index.php?rest_route=\/wp\/v2\/posts\/19169\/revisions\/19171"}],"wp:featuredmedia":[{"embeddable":true,"href":"https:\/\/vrtec-sezana.si\/index.php?rest_route=\/wp\/v2\/media\/19170"}],"wp:attachment":[{"href":"https:\/\/vrtec-sezana.si\/index.php?rest_route=%2Fwp%2Fv2%2Fmedia&parent=19169"}],"wp:term":[{"taxonomy":"category","embeddable":true,"href":"https:\/\/vrtec-sezana.si\/index.php?rest_route=%2Fwp%2Fv2%2Fcategories&post=19169"},{"taxonomy":"post_tag","embeddable":true,"href":"https:\/\/vrtec-sezana.si\/index.php?rest_route=%2Fwp%2Fv2%2Ftags&post=19169"}],"curies":[{"name":"wp","href":"https:\/\/api.w.org\/{rel}","templated":true}]}}