{"id":18987,"date":"2024-12-20T13:23:13","date_gmt":"2024-12-20T12:23:13","guid":{"rendered":"https:\/\/vrtec-sezana.si\/?p=18987"},"modified":"2024-12-20T13:27:17","modified_gmt":"2024-12-20T12:27:17","slug":"ustvarjali-december-v-skupini-jezki","status":"publish","type":"post","link":"https:\/\/vrtec-sezana.si\/?p=18987","title":{"rendered":"Ustvarjali december v skupini Je\u017eki"},"content":{"rendered":"\n<p><strong>\u010carobni december<\/strong><strong> <\/strong>&nbsp;je obdobje, polno veselja, pri\u010dakovanja in \u010darobnih trenutkov, ki otroke navdihujejo z ob\u010dutkom prazni\u010dnosti. To je tudi prilo\u017enost za ustvarjalne dejavnosti, povezovanje ter krepitev vrednot, kot so prijateljstvo, radost in skupnost.&nbsp; Ustvarjalni december smo v skupini Je\u017eki pri\u010deli s krasitvijo novoletne jelke v igralnici in v avli vrtca. Okraske&nbsp; so otroci izdelali doma ob pomo\u010di star\u0161ev. Po mestu in v vrtcu so se pri\u017egale lu\u010dke in zadi\u0161alo je po \u010darobnosti in prihajajo\u010dih dobrih mo\u017eeh. Izdelovali smo novoletne \u010destitke, narisali risbico za prijatelja in mu povedali nekaj lepega. Obiskal nas je Dedek Mraz in nas obdaril z novimi igra\u010dam. S star\u0161i in otroki smo se dru\u017eili na novoletnem bazarju. Veliko smo plesali, se smejali in dru\u017eili z vrstniki. Pripravili smo \u010dajanko, prebirali pravljice in \u0161e bi lahko na\u0161tevali.<\/p>\n\n\n\n<p>Za konec decembra, ko se leto poslavlja in se pripravljamo na nove za\u010detke, se spomnimo vseh \u010dudovitih trenutkov, ki smo jih pre\u017eiveli skupaj. Vsak nasmeh, iskra v o\u010deh in topel objem so dragoceni spomini, ki nas povezujejo.<\/p>\n\n\n\n<p>Naj bo prihajajo\u010de leto polno novih dogodiv\u0161\u010din, drobnih radosti in ljubezni, ki jo delimo med seboj. Naj vsak dan prinese nov razlog za smeh, igro in raziskovanje sveta z radovednostjo otro\u0161kih src.<\/p>\n\n\n\n<p>Besedilo: Alenka Poto\u010dnik <\/p>\n\n\n\n<p>Fotografije: Alenka Poto\u010dnik<\/p>\n\n\n\n<p><\/p>\n\n\n\n<div class=\"wp-block-buttons is-layout-flex wp-block-buttons-is-layout-flex\">\n<div class=\"wp-block-button\"><a class=\"wp-block-button__link wp-element-button\" href=\"https:\/\/vrtec-sezana.si\/?page_id=18992\">GALERIJA<\/a><\/div>\n\n\n\n\n<\/div>\n","protected":false},"excerpt":{"rendered":"<p>\u010carobni december &nbsp;je obdobje, polno veselja, pri\u010dakovanja in \u010darobnih trenutkov, ki otroke navdihujejo z ob\u010dutkom prazni\u010dnosti. To je tudi prilo\u017enost za ustvarjalne dejavnosti, povezovanje ter krepitev vrednot, kot so prijateljstvo, radost in skupnost.&nbsp; Ustvarjalni december smo v skupini Je\u017eki pri\u010deli s krasitvijo&#8230;<\/p>\n","protected":false},"author":26,"featured_media":18990,"comment_status":"closed","ping_status":"closed","sticky":false,"template":"","format":"standard","meta":{"footnotes":""},"categories":[6],"tags":[],"jetpack_featured_media_url":"https:\/\/vrtec-sezana.si\/wp-content\/uploads\/2024\/12\/naslovna.jpg","_links":{"self":[{"href":"https:\/\/vrtec-sezana.si\/index.php?rest_route=\/wp\/v2\/posts\/18987"}],"collection":[{"href":"https:\/\/vrtec-sezana.si\/index.php?rest_route=\/wp\/v2\/posts"}],"about":[{"href":"https:\/\/vrtec-sezana.si\/index.php?rest_route=\/wp\/v2\/types\/post"}],"author":[{"embeddable":true,"href":"https:\/\/vrtec-sezana.si\/index.php?rest_route=\/wp\/v2\/users\/26"}],"replies":[{"embeddable":true,"href":"https:\/\/vrtec-sezana.si\/index.php?rest_route=%2Fwp%2Fv2%2Fcomments&post=18987"}],"version-history":[{"count":2,"href":"https:\/\/vrtec-sezana.si\/index.php?rest_route=\/wp\/v2\/posts\/18987\/revisions"}],"predecessor-version":[{"id":19017,"href":"https:\/\/vrtec-sezana.si\/index.php?rest_route=\/wp\/v2\/posts\/18987\/revisions\/19017"}],"wp:featuredmedia":[{"embeddable":true,"href":"https:\/\/vrtec-sezana.si\/index.php?rest_route=\/wp\/v2\/media\/18990"}],"wp:attachment":[{"href":"https:\/\/vrtec-sezana.si\/index.php?rest_route=%2Fwp%2Fv2%2Fmedia&parent=18987"}],"wp:term":[{"taxonomy":"category","embeddable":true,"href":"https:\/\/vrtec-sezana.si\/index.php?rest_route=%2Fwp%2Fv2%2Fcategories&post=18987"},{"taxonomy":"post_tag","embeddable":true,"href":"https:\/\/vrtec-sezana.si\/index.php?rest_route=%2Fwp%2Fv2%2Ftags&post=18987"}],"curies":[{"name":"wp","href":"https:\/\/api.w.org\/{rel}","templated":true}]}}