{"id":18863,"date":"2024-12-19T13:22:25","date_gmt":"2024-12-19T12:22:25","guid":{"rendered":"https:\/\/vrtec-sezana.si\/?p=18863"},"modified":"2024-12-19T13:22:25","modified_gmt":"2024-12-19T12:22:25","slug":"mala-pozornost-za-veliko-veselje-4","status":"publish","type":"post","link":"https:\/\/vrtec-sezana.si\/?p=18863","title":{"rendered":"Mala pozornost za veliko veselje"},"content":{"rendered":"\n<p>Kot \u017ee vrsto let smo tudi letos sodelovali v vseslovenskem projektu \u00bbMala pozornost za veliko veselje\u00ab.<br>Cilj projekta je navdu\u0161iti \u0161ir\u0161o javnost k medgeneracijskemu sodelovanju in zbrati vo\u0161\u010dila, vo\u0161\u010dilnice in prazni\u010dna pisma za vse starostnike po slovenskih domovih in centrih za starej\u0161e.<\/p>\n\n\n\n<p>Da lahko majhna pozornost res naredi veliko veselje, so \u017ee preverili in dokazali, saj akcija letos poteka \u017ee deveto leto.<br>V novemberskih dopoldnevih smo zavihali rokave v obeh oddelkih na\u0161ega vrtca in izdelali veliko unikatnih vo\u0161\u010dilnic.&nbsp; K sodelovanju in ustvarjanju smo preko plakatov povabili vse dru\u017eine. Odziv je bil zelo velik saj nam je skupaj uspelo izdelati kar 504 vo\u0161\u010dilnic, ki smo jih poslali vodji projekta, ga. Ani Petri\u010d. Od tam bodo vo\u0161\u010dilnice potovale v vse DSOje po Sloveniji.<\/p>\n\n\n\n<p>Hvala vsem, ki ste podarili ko\u0161\u010dek svojega \u010dasa in sodelovali v tem projektu<br>Dr\u017eimo pesti, da bodo tudi letos vo\u0161\u010dilo prejeli \u010disto vsi starostniki.<\/p>\n\n\n\n<p>Besedilo: Maja Anderli\u010d Mo\u017ee<br>Fotografije: Tina Orel&nbsp;<\/p>\n\n\n\n<div class=\"wp-block-buttons is-layout-flex wp-block-buttons-is-layout-flex\">\n<div class=\"wp-block-button\"><a class=\"wp-block-button__link wp-element-button\" href=\"https:\/\/vrtec-sezana.si\/?page_id=18844\">GALERIJA<\/a><\/div>\n<\/div>\n","protected":false},"excerpt":{"rendered":"<p>Kot \u017ee vrsto let smo tudi letos sodelovali v vseslovenskem projektu \u00bbMala pozornost za veliko veselje\u00ab.Cilj projekta je navdu\u0161iti \u0161ir\u0161o javnost k medgeneracijskemu sodelovanju in zbrati vo\u0161\u010dila, vo\u0161\u010dilnice in prazni\u010dna pisma za vse starostnike po slovenskih domovih in centrih za starej\u0161e. Da&#8230;<\/p>\n","protected":false},"author":34,"featured_media":18849,"comment_status":"closed","ping_status":"closed","sticky":false,"template":"","format":"standard","meta":{"footnotes":""},"categories":[13],"tags":[],"jetpack_featured_media_url":"https:\/\/vrtec-sezana.si\/wp-content\/uploads\/2024\/12\/0000-scaled.jpg","_links":{"self":[{"href":"https:\/\/vrtec-sezana.si\/index.php?rest_route=\/wp\/v2\/posts\/18863"}],"collection":[{"href":"https:\/\/vrtec-sezana.si\/index.php?rest_route=\/wp\/v2\/posts"}],"about":[{"href":"https:\/\/vrtec-sezana.si\/index.php?rest_route=\/wp\/v2\/types\/post"}],"author":[{"embeddable":true,"href":"https:\/\/vrtec-sezana.si\/index.php?rest_route=\/wp\/v2\/users\/34"}],"replies":[{"embeddable":true,"href":"https:\/\/vrtec-sezana.si\/index.php?rest_route=%2Fwp%2Fv2%2Fcomments&post=18863"}],"version-history":[{"count":1,"href":"https:\/\/vrtec-sezana.si\/index.php?rest_route=\/wp\/v2\/posts\/18863\/revisions"}],"predecessor-version":[{"id":18864,"href":"https:\/\/vrtec-sezana.si\/index.php?rest_route=\/wp\/v2\/posts\/18863\/revisions\/18864"}],"wp:featuredmedia":[{"embeddable":true,"href":"https:\/\/vrtec-sezana.si\/index.php?rest_route=\/wp\/v2\/media\/18849"}],"wp:attachment":[{"href":"https:\/\/vrtec-sezana.si\/index.php?rest_route=%2Fwp%2Fv2%2Fmedia&parent=18863"}],"wp:term":[{"taxonomy":"category","embeddable":true,"href":"https:\/\/vrtec-sezana.si\/index.php?rest_route=%2Fwp%2Fv2%2Fcategories&post=18863"},{"taxonomy":"post_tag","embeddable":true,"href":"https:\/\/vrtec-sezana.si\/index.php?rest_route=%2Fwp%2Fv2%2Ftags&post=18863"}],"curies":[{"name":"wp","href":"https:\/\/api.w.org\/{rel}","templated":true}]}}