{"id":18842,"date":"2024-12-19T13:13:21","date_gmt":"2024-12-19T12:13:21","guid":{"rendered":"https:\/\/vrtec-sezana.si\/?p=18842"},"modified":"2024-12-19T13:13:21","modified_gmt":"2024-12-19T12:13:21","slug":"cebelice-cebelice-2","status":"publish","type":"post","link":"https:\/\/vrtec-sezana.si\/?p=18842","title":{"rendered":"\u010cebelice, \u010debelice"},"content":{"rendered":"\n<p>Po slastnem slovenskem zajtrku, ki je vseboval med, maslo, \u010drn kruh, mleko in jabolka nas je v vrtcu Lokev razveselil prav poseben obisk. Medse smo povabili \u010debelarja in to kar dva, gospo Miro in gospoda Slavka, ki sta \u010debelarja \u017ee vrsto let. Pripovedovala sta nam o \u010debelnjakih, \u010debelah in njihovih nalogah. Pokazala sta nam za\u0161\u010ditna obla\u010dila in pripomo\u010dke, ki jih uporabljajo \u010debelarji. S seboj sta prinesla tudi panj v katerem so bila satovja, da smo si lahko ogledali in povohali kako je v notranjosti \u00bb\u010debelje hi\u0161e\u00ab, v panju.<\/p>\n\n\n\n<p>Izjave otrok:<br>\u00bb\u010cebelar si oble\u010de tako obleko. Tako da ga ne pikajo.\u00ab<br>\u00bb\u010cebelar nabira med in pazi \u010debele.\u00ab<br>\u00bbPotem da jo med v take kozarce.\u00ab<br>\u00bb\u010ce ni \u010debel na svetu ni hrane.\u00ab<br>\u00bbNosijo med v panj. Nabirajo pri ro\u017eah.\u00ab<br>\u00bbJa, to se re\u010de cvetni prah.\u00ab<br>\u00bbHi\u0161i od \u010debel pa se re\u010de panj.\u00ab<br>\u00bb\u010cebele ne vidijo barve.\u00ab<br>\u00bbS krilci mo\u010dno mahajo. Tako glej.\u00ab<br>\u00bbImajo eno kraljico, ki se ji re\u010de matica.\u00ab<br>\u00bbMoj tata je \u010debelar. Jaz mu pomagam.\u00ab<br><br>Nau\u010dili smo se tudi novo deklamacijo.<\/p>\n\n\n\n<p>\u010cebele<br><br>To je panj. A kje so \u010debele?<br>Skrile so se, pro\u010d odletele.<\/p>\n\n\n\n<p>Pre\u0161tej do deset, pa pridejo spet.<br>1,2,3,4,&#8230;&#8230;<br>Bzzzzzzzzzz&#8230;..<\/p>\n\n\n\n<p>Besedilo: Maja Anderli\u010d Mo\u017ee<br>Fotografije: arhiv vrtca Lokev<\/p>\n\n\n\n<div class=\"wp-block-buttons is-layout-flex wp-block-buttons-is-layout-flex\">\n<div class=\"wp-block-button\"><a class=\"wp-block-button__link wp-element-button\" href=\"https:\/\/vrtec-sezana.si\/?page_id=18821\">GALERIJA<\/a><\/div>\n<\/div>\n","protected":false},"excerpt":{"rendered":"<p>Po slastnem slovenskem zajtrku, ki je vseboval med, maslo, \u010drn kruh, mleko in jabolka nas je v vrtcu Lokev razveselil prav poseben obisk. Medse smo povabili \u010debelarja in to kar dva, gospo Miro in gospoda Slavka, ki sta \u010debelarja \u017ee vrsto let&#8230;.<\/p>\n","protected":false},"author":34,"featured_media":18833,"comment_status":"closed","ping_status":"closed","sticky":false,"template":"","format":"standard","meta":{"footnotes":""},"categories":[13],"tags":[],"jetpack_featured_media_url":"https:\/\/vrtec-sezana.si\/wp-content\/uploads\/2024\/12\/011-scaled.jpg","_links":{"self":[{"href":"https:\/\/vrtec-sezana.si\/index.php?rest_route=\/wp\/v2\/posts\/18842"}],"collection":[{"href":"https:\/\/vrtec-sezana.si\/index.php?rest_route=\/wp\/v2\/posts"}],"about":[{"href":"https:\/\/vrtec-sezana.si\/index.php?rest_route=\/wp\/v2\/types\/post"}],"author":[{"embeddable":true,"href":"https:\/\/vrtec-sezana.si\/index.php?rest_route=\/wp\/v2\/users\/34"}],"replies":[{"embeddable":true,"href":"https:\/\/vrtec-sezana.si\/index.php?rest_route=%2Fwp%2Fv2%2Fcomments&post=18842"}],"version-history":[{"count":1,"href":"https:\/\/vrtec-sezana.si\/index.php?rest_route=\/wp\/v2\/posts\/18842\/revisions"}],"predecessor-version":[{"id":18843,"href":"https:\/\/vrtec-sezana.si\/index.php?rest_route=\/wp\/v2\/posts\/18842\/revisions\/18843"}],"wp:featuredmedia":[{"embeddable":true,"href":"https:\/\/vrtec-sezana.si\/index.php?rest_route=\/wp\/v2\/media\/18833"}],"wp:attachment":[{"href":"https:\/\/vrtec-sezana.si\/index.php?rest_route=%2Fwp%2Fv2%2Fmedia&parent=18842"}],"wp:term":[{"taxonomy":"category","embeddable":true,"href":"https:\/\/vrtec-sezana.si\/index.php?rest_route=%2Fwp%2Fv2%2Fcategories&post=18842"},{"taxonomy":"post_tag","embeddable":true,"href":"https:\/\/vrtec-sezana.si\/index.php?rest_route=%2Fwp%2Fv2%2Ftags&post=18842"}],"curies":[{"name":"wp","href":"https:\/\/api.w.org\/{rel}","templated":true}]}}