{"id":18818,"date":"2024-12-19T12:42:55","date_gmt":"2024-12-19T11:42:55","guid":{"rendered":"https:\/\/vrtec-sezana.si\/?p=18818"},"modified":"2024-12-19T12:42:55","modified_gmt":"2024-12-19T11:42:55","slug":"v-skupini-skratki-spoznavamo-custva","status":"publish","type":"post","link":"https:\/\/vrtec-sezana.si\/?p=18818","title":{"rendered":"V skupini \u0160kratki spoznavamo \u010dustva"},"content":{"rendered":"\n<p>Otroci iz skupine \u0160kratki smo res da stari \u0161ele dve leti, vendar se v na\u0161ih malih glavicah in sr\u010dkih v\u010dasih dogajajo razli\u010dni spreminjajo\u010di se ob\u010dutki, ki si jih ne znamo razlo\u017eiti, ne znamo jih poimenovati, \u0161e najte\u017eje pa nam jih je obvladovati. Prav zato smo se v novembru veliko pogovarjali o tem, kaj \u010dutimo in kako se po\u010dutimo:<\/p>\n\n\n\n<ul>\n<li>ko nam kdo vzame igra\u010do, s katero se ravnokar igramo,<\/li>\n\n\n\n<li>ko nas nekdo udari in porine,<\/li>\n\n\n\n<li>ko pademo,<\/li>\n\n\n\n<li>ko se igramo,<\/li>\n\n\n\n<li>ko se gibamo v telovadnici<\/li>\n\n\n\n<li>in \u0161e in \u0161e.<\/li>\n<\/ul>\n\n\n\n<p>Pri spoznavanju \u010dustev smo si pomagali z razli\u010dnimi slikanicami, spoznali pa smo tudi pravljico Pi\u0161\u010dan\u010dek Pik (M. Man\u010dek). Opazovali smo \u010dustvene izraze otrok na fotografijah in jih poimenovali, razvr\u0161\u010dali ter posnemali. Pri posnemanju \u010dustev nam je bila v pomo\u010d tudi \u00bb\u010dustvena kocka\u00ab, s katero smo se radi igrali.<\/p>\n\n\n\n<p>Pomembno vlogo pri spodbujanju \u010dustvenih kompetenc otrok imajo odrasli, ki morajo otrokova \u010dustva prepoznati, se nanje odzivati in otrokom omogo\u010dati mo\u017enosti, da svoje ob\u010dutke izra\u017eajo. To smo po\u010deli na razli\u010dne na\u010dine \u2013 s pripovedovanjem, likovnim ustvarjanjem, glasbo, masa\u017eami in gibanjem. Veliko \u010dasa smo namenili skupni igri, posebej pa smo bili pozorni na po\u010dutje vsakega v skupini. Le z ustvarjanjem toplega in varnega okolja, v katerem se po\u010dutimo sprejete, lahko postavimo temelje za dobro po\u010dutje in uspe\u0161en \u010dustven ter socialen razvoj.<\/p>\n\n\n\n<p>Besedilo: Nika Konestabo<\/p>\n\n\n\n<p>Fotografije: arhiv oddelka<\/p>\n\n\n\n<div class=\"wp-block-buttons is-layout-flex wp-block-buttons-is-layout-flex\">\n<div class=\"wp-block-button\"><a class=\"wp-block-button__link wp-element-button\" href=\"https:\/\/vrtec-sezana.si\/?page_id=18794\">GALERIJA<\/a><\/div>\n<\/div>\n","protected":false},"excerpt":{"rendered":"<p>Otroci iz skupine \u0160kratki smo res da stari \u0161ele dve leti, vendar se v na\u0161ih malih glavicah in sr\u010dkih v\u010dasih dogajajo razli\u010dni spreminjajo\u010di se ob\u010dutki, ki si jih ne znamo razlo\u017eiti, ne znamo jih poimenovati, \u0161e najte\u017eje pa nam jih je obvladovati&#8230;.<\/p>\n","protected":false},"author":35,"featured_media":18814,"comment_status":"closed","ping_status":"closed","sticky":false,"template":"","format":"standard","meta":{"footnotes":""},"categories":[10],"tags":[],"jetpack_featured_media_url":"https:\/\/vrtec-sezana.si\/wp-content\/uploads\/2024\/12\/Naslovna-slika.jpg","_links":{"self":[{"href":"https:\/\/vrtec-sezana.si\/index.php?rest_route=\/wp\/v2\/posts\/18818"}],"collection":[{"href":"https:\/\/vrtec-sezana.si\/index.php?rest_route=\/wp\/v2\/posts"}],"about":[{"href":"https:\/\/vrtec-sezana.si\/index.php?rest_route=\/wp\/v2\/types\/post"}],"author":[{"embeddable":true,"href":"https:\/\/vrtec-sezana.si\/index.php?rest_route=\/wp\/v2\/users\/35"}],"replies":[{"embeddable":true,"href":"https:\/\/vrtec-sezana.si\/index.php?rest_route=%2Fwp%2Fv2%2Fcomments&post=18818"}],"version-history":[{"count":1,"href":"https:\/\/vrtec-sezana.si\/index.php?rest_route=\/wp\/v2\/posts\/18818\/revisions"}],"predecessor-version":[{"id":18819,"href":"https:\/\/vrtec-sezana.si\/index.php?rest_route=\/wp\/v2\/posts\/18818\/revisions\/18819"}],"wp:featuredmedia":[{"embeddable":true,"href":"https:\/\/vrtec-sezana.si\/index.php?rest_route=\/wp\/v2\/media\/18814"}],"wp:attachment":[{"href":"https:\/\/vrtec-sezana.si\/index.php?rest_route=%2Fwp%2Fv2%2Fmedia&parent=18818"}],"wp:term":[{"taxonomy":"category","embeddable":true,"href":"https:\/\/vrtec-sezana.si\/index.php?rest_route=%2Fwp%2Fv2%2Fcategories&post=18818"},{"taxonomy":"post_tag","embeddable":true,"href":"https:\/\/vrtec-sezana.si\/index.php?rest_route=%2Fwp%2Fv2%2Ftags&post=18818"}],"curies":[{"name":"wp","href":"https:\/\/api.w.org\/{rel}","templated":true}]}}