{"id":18566,"date":"2024-12-11T18:36:03","date_gmt":"2024-12-11T17:36:03","guid":{"rendered":"https:\/\/vrtec-sezana.si\/?p=18566"},"modified":"2024-12-11T18:36:42","modified_gmt":"2024-12-11T17:36:42","slug":"november-v-skupini-levi","status":"publish","type":"post","link":"https:\/\/vrtec-sezana.si\/?p=18566","title":{"rendered":"November v skupini Levi"},"content":{"rendered":"\n<p>Novembra meseca smo praznovali 3 rojstne dneve: dva de\u010dka sta praznovala 5 let, en de\u010dek pa je prvi v skupini dopolnil 6 let.&nbsp;<\/p>\n\n\n\n<p>Zaklju\u010dili smo akcijo zbiranja starega papirja. Na\u0161a skupina ni dosegla prva mesta a je vseeno zbrala veliko papirja. Najbolj pomembno pa je, da smo vsi skupaj zbrali preko 2 toni papirja, kar nam bo pomagalo pri nakupu igra\u010d in drugih pripomo\u010dkov za na\u0161e otroke.<\/p>\n\n\n\n<p>Na za\u010detku novembra nas je obiskala na\u0161a stara prijateljica Gaia Lina. Tudi ona je bila enkrat del na\u0161e skupine, sedaj pa z dru\u017eino potuje z avtodomom po Evropi. Vedno smo veseli, ko se vrne v Se\u017eano in nas pride obiskat ter nam pove kaj je do\u017eivela med potovanjem.<\/p>\n\n\n\n<p>Pojavila sta se dva zaboja grozdja trte izabele in smo se odlo\u010dili, da bomo s skupnimi mo\u010dni stiskali sok. Otroci so zelo natan\u010dno \u010distili grozdje: odstranili so liste in zelene jagode. Nato smo se razdelili v 3 skupine in ro\u010dno stiskali grozdje v posodo. Roke so postale vijoli\u010dne in po\u010dasi je za\u010delo malo srbeti, a sok je bil zelo sladek in se je spla\u010dalo potrpeti!<\/p>\n\n\n\n<p>Otroci so si sami izdelali praskanke: bel list so pobarvali z vo\u0161\u010denkami raznih barv in so nato vse prekrili s \u010drno akrilno barvo. Ko se je akril posu\u0161il, so lahko z leseno pal\u010dko prosto ustvarjali.<\/p>\n\n\n\n<p>15. novembra smo obele\u017eili slovenski tradicionalni zajtrk. Pri jutranji malici smo jedli kruh, maslo, med in jabolka ter pili mleko. Obiskal pa nas je tudi \u010debelar, ki nam je povedal vse kar zna o medu in \u010debelah. Najbolj\u0161e pa je bilo, ko smo lahko oku\u0161ali ve\u010d tipov meda.<\/p>\n\n\n\n<p>Skupina Ku\u017eki nas je povabila na ogled predstave Repa Velikanka. Kot vedno, ko nastopajo drugi otroci, nam je zelo zanimivo.<\/p>\n\n\n\n<p>Obiskali smo tudi Mladinski center Podlaga v Se\u017eani. Vedno so se otroci spra\u0161evali kaj se nahaja za tistimi vrati kjer je narisan velik morski pes. Sprejela nas je Nina Drobnjak, ki je tudi mama deklice v na\u0161i skupini. Pokazala nam je prostore centra: oder z lu\u010dmi, prostor za u\u010denje, prostor za igro. \u010ceprav nismo \u0161olarji, smo se lahko tudi mi malo tukaj zadr\u017eali, risali in se igrali zanimivo dru\u017eabno igro Jenga.&nbsp;<\/p>\n\n\n\n<p>Na koncu meseca smo za\u010deli tudi s pripravami na veseli december: sestavili smo novoletno jelko za na\u0161o garderobo in izdelali smo sne\u017eake, ki bodo krasili na\u0161o sobo. Sne\u017eake smo izdelali iz balonov okoli katerih smo zavili belo volno prelito z lepilom.<\/p>\n\n\n\n<p>V skupini se med jutranjimi krogi veliko pogovarjamo o prijateljstvu in kako je pomembno, da se med seboj spo\u0161tujemo.<\/p>\n\n\n\n<p>Besedilo: Andrea Roberti<\/p>\n\n\n\n<div class=\"wp-block-buttons is-layout-flex wp-block-buttons-is-layout-flex\">\n<div class=\"wp-block-button\"><a class=\"wp-block-button__link wp-element-button\" href=\"https:\/\/vrtec-sezana.si\/?page_id=18543\">GALERIJA<\/a><\/div>\n<\/div>\n","protected":false},"excerpt":{"rendered":"<p>Novembra meseca smo praznovali 3 rojstne dneve: dva de\u010dka sta praznovala 5 let, en de\u010dek pa je prvi v skupini dopolnil 6 let.&nbsp; Zaklju\u010dili smo akcijo zbiranja starega papirja. Na\u0161a skupina ni dosegla prva mesta a je vseeno zbrala veliko papirja. Najbolj&#8230;<\/p>\n","protected":false},"author":5,"featured_media":18558,"comment_status":"closed","ping_status":"closed","sticky":false,"template":"","format":"standard","meta":{"footnotes":""},"categories":[8],"tags":[],"jetpack_featured_media_url":"https:\/\/vrtec-sezana.si\/wp-content\/uploads\/2024\/12\/IMG_20241107_101013-scaled.jpg","_links":{"self":[{"href":"https:\/\/vrtec-sezana.si\/index.php?rest_route=\/wp\/v2\/posts\/18566"}],"collection":[{"href":"https:\/\/vrtec-sezana.si\/index.php?rest_route=\/wp\/v2\/posts"}],"about":[{"href":"https:\/\/vrtec-sezana.si\/index.php?rest_route=\/wp\/v2\/types\/post"}],"author":[{"embeddable":true,"href":"https:\/\/vrtec-sezana.si\/index.php?rest_route=\/wp\/v2\/users\/5"}],"replies":[{"embeddable":true,"href":"https:\/\/vrtec-sezana.si\/index.php?rest_route=%2Fwp%2Fv2%2Fcomments&post=18566"}],"version-history":[{"count":1,"href":"https:\/\/vrtec-sezana.si\/index.php?rest_route=\/wp\/v2\/posts\/18566\/revisions"}],"predecessor-version":[{"id":18567,"href":"https:\/\/vrtec-sezana.si\/index.php?rest_route=\/wp\/v2\/posts\/18566\/revisions\/18567"}],"wp:featuredmedia":[{"embeddable":true,"href":"https:\/\/vrtec-sezana.si\/index.php?rest_route=\/wp\/v2\/media\/18558"}],"wp:attachment":[{"href":"https:\/\/vrtec-sezana.si\/index.php?rest_route=%2Fwp%2Fv2%2Fmedia&parent=18566"}],"wp:term":[{"taxonomy":"category","embeddable":true,"href":"https:\/\/vrtec-sezana.si\/index.php?rest_route=%2Fwp%2Fv2%2Fcategories&post=18566"},{"taxonomy":"post_tag","embeddable":true,"href":"https:\/\/vrtec-sezana.si\/index.php?rest_route=%2Fwp%2Fv2%2Ftags&post=18566"}],"curies":[{"name":"wp","href":"https:\/\/api.w.org\/{rel}","templated":true}]}}