{"id":18498,"date":"2024-12-10T07:17:21","date_gmt":"2024-12-10T06:17:21","guid":{"rendered":"https:\/\/vrtec-sezana.si\/?p=18498"},"modified":"2024-12-10T07:17:21","modified_gmt":"2024-12-10T06:17:21","slug":"jesenske-radosti-sladki-kakiji","status":"publish","type":"post","link":"https:\/\/vrtec-sezana.si\/?p=18498","title":{"rendered":"Jesenske radosti\u00a0 &#8211; sladki kakiji"},"content":{"rendered":"\n<p>V na\u0161em vrtcu smo skupaj z otroki raziskovali \u010dudovite jesenske plodove \u2013 kakije. Otroci so ob pomo\u010di vzgojiteljev najprej nabrali zrele sade\u017ee, pri \u010demer so opazovali njihovo barvo, obliko in teksturo. Vrtne aktivnosti so otrokom ponudile prilo\u017enost za stik z naravo in razvijanje \u010dutne zaznave.<\/p>\n\n\n\n<p>Po nabiranju smo se lotili su\u0161enja kakijev. Otroci so tanke rezine zlo\u017eili na pladnje za su\u0161enje. Med postopkom smo se pogovarjali o tem, kako se hrana ohranja za zimo, in razvijali njihovo potrpe\u017eljivost.<\/p>\n\n\n\n<p>Ko so bili suhi kakiji pripravljeni, smo jih skupaj poskusili. Otroci so z navdu\u0161enjem oku\u0161ali sladke prigrizke in se nau\u010dili ceniti trud, vlo\u017een v pripravo hrane. Skupaj smo naredili tudi nekaj&nbsp; paketkov, ki smo jih ponudili na bazarju. Kakijeve dobrote so tako postale prijetno jesensko do\u017eivetje.<\/p>\n\n\n\n<p>Besedilo: Metka Vrtovec<\/p>\n\n\n\n<p>Fotografije: Metka Vrtovec<\/p>\n\n\n\n<div class=\"wp-block-buttons is-layout-flex wp-block-buttons-is-layout-flex\">\n<div class=\"wp-block-button\"><a class=\"wp-block-button__link wp-element-button\" href=\"https:\/\/vrtec-sezana.si\/?page_id=18488\">GALERIJA<\/a><\/div>\n<\/div>\n","protected":false},"excerpt":{"rendered":"<p>V na\u0161em vrtcu smo skupaj z otroki raziskovali \u010dudovite jesenske plodove \u2013 kakije. Otroci so ob pomo\u010di vzgojiteljev najprej nabrali zrele sade\u017ee, pri \u010demer so opazovali njihovo barvo, obliko in teksturo. Vrtne aktivnosti so otrokom ponudile prilo\u017enost za stik z naravo in&#8230;<\/p>\n","protected":false},"author":31,"featured_media":18499,"comment_status":"closed","ping_status":"closed","sticky":false,"template":"","format":"standard","meta":{"footnotes":""},"categories":[12],"tags":[],"jetpack_featured_media_url":"https:\/\/vrtec-sezana.si\/wp-content\/uploads\/2024\/12\/IMG-20241203-WA0008.jpg","_links":{"self":[{"href":"https:\/\/vrtec-sezana.si\/index.php?rest_route=\/wp\/v2\/posts\/18498"}],"collection":[{"href":"https:\/\/vrtec-sezana.si\/index.php?rest_route=\/wp\/v2\/posts"}],"about":[{"href":"https:\/\/vrtec-sezana.si\/index.php?rest_route=\/wp\/v2\/types\/post"}],"author":[{"embeddable":true,"href":"https:\/\/vrtec-sezana.si\/index.php?rest_route=\/wp\/v2\/users\/31"}],"replies":[{"embeddable":true,"href":"https:\/\/vrtec-sezana.si\/index.php?rest_route=%2Fwp%2Fv2%2Fcomments&post=18498"}],"version-history":[{"count":1,"href":"https:\/\/vrtec-sezana.si\/index.php?rest_route=\/wp\/v2\/posts\/18498\/revisions"}],"predecessor-version":[{"id":18500,"href":"https:\/\/vrtec-sezana.si\/index.php?rest_route=\/wp\/v2\/posts\/18498\/revisions\/18500"}],"wp:featuredmedia":[{"embeddable":true,"href":"https:\/\/vrtec-sezana.si\/index.php?rest_route=\/wp\/v2\/media\/18499"}],"wp:attachment":[{"href":"https:\/\/vrtec-sezana.si\/index.php?rest_route=%2Fwp%2Fv2%2Fmedia&parent=18498"}],"wp:term":[{"taxonomy":"category","embeddable":true,"href":"https:\/\/vrtec-sezana.si\/index.php?rest_route=%2Fwp%2Fv2%2Fcategories&post=18498"},{"taxonomy":"post_tag","embeddable":true,"href":"https:\/\/vrtec-sezana.si\/index.php?rest_route=%2Fwp%2Fv2%2Ftags&post=18498"}],"curies":[{"name":"wp","href":"https:\/\/api.w.org\/{rel}","templated":true}]}}