{"id":18405,"date":"2024-12-09T10:37:57","date_gmt":"2024-12-09T09:37:57","guid":{"rendered":"https:\/\/vrtec-sezana.si\/?p=18405"},"modified":"2024-12-09T10:41:43","modified_gmt":"2024-12-09T09:41:43","slug":"varno-v-vrtec","status":"publish","type":"post","link":"https:\/\/vrtec-sezana.si\/?p=18405","title":{"rendered":"Varno v vrtec"},"content":{"rendered":"\n<p>Skupina Ov\u010dke letos sodeluje v projektu Sobivanje \u2013 Varno v vrtec in \u0161olo. Preko projekta spodbujamo otroke k spoznavanju prometne varnosti in razvijanju ve\u0161\u010din za varno udele\u017ebo v prometu.<\/p>\n\n\n\n<p>Skupaj z otroki smo skozi igro in prakti\u010dne aktivnosti spoznali osnove prometne predpise o varnosti pe\u0161ca v prometu.<\/p>\n\n\n\n<p>Na sprehodih v okolici vrtca smo opazovali promet, prehode za pe\u0161ce in prometne znake. Veliko poudarka smo dali na varno hojo po plo\u010dniku in pravilno ter varno pre\u010dkanje ceste. Nau\u010dili smo se pravil varnega pre\u010dkanja. Ustavimo se ob robu ceste, pogledamo levo, desno in \u0161e enkrat levo, nato dvignemo roko in pre\u010dkamo cesto na prehodu za pe\u0161ce.<\/p>\n\n\n\n<p>Ker pa se otroci veliko nau\u010dijo tudi preko igre, smo skupaj izdelali maketo ceste z razli\u010dnimi prometnimi elementi (prehod za pe\u0161ce, prometni znak, kro\u017eno kri\u017ei\u0161\u010de &#8230;). Na maketi so otroci simulirali prometne situacije in \u0161e preko igre utrjevali znanje za pravilno ravnanje v razli\u010dnih prometnih okoli\u0161\u010dinah.<\/p>\n\n\n\n<p>Z dejavnostmi smo otrokom omogo\u010dali razvoj klju\u010dnih ve\u0161\u010din za varno udele\u017ebo v prometu. Poleg tega smo krepili tudi druge spretnosti, kot so opazovanje, skrb za prijatelja in sodelovanje s sovrstniki. Projekt <em>Varno v vrtec<\/em> pomembno prispeva k osve\u0161\u010danju o varnosti v prometu ter otrokom in star\u0161em pomaga razumeti pomen spo\u0161tovanja prometnih pravil.<\/p>\n\n\n\n<p>Skozi igro, opazovanje in prakti\u010dne izku\u0161nje otroci pridobijo znanje, ki ga bodo uporabljali celo \u017eivljenje. To pa je klju\u010den korak k ve\u010dji prometni varnosti za vse.<\/p>\n\n\n\n<p>Besedilo: Nu\u0161a \u017divec<\/p>\n\n\n\n<p>Fotografije: Nika Sera\u017ein<\/p>\n\n\n\n<p><\/p>\n\n\n\n<div class=\"wp-block-buttons is-layout-flex wp-block-buttons-is-layout-flex\">\n<div class=\"wp-block-button\"><a class=\"wp-block-button__link wp-element-button\" href=\"https:\/\/vrtec-sezana.si\/?page_id=18392\">GALERIJA<\/a><\/div>\n<\/div>\n","protected":false},"excerpt":{"rendered":"<p>Skupina Ov\u010dke letos sodeluje v projektu Sobivanje \u2013 Varno v vrtec in \u0161olo. Preko projekta spodbujamo otroke k spoznavanju prometne varnosti in razvijanju ve\u0161\u010din za varno udele\u017ebo v prometu. Skupaj z otroki smo skozi igro in prakti\u010dne aktivnosti spoznali osnove prometne predpise&#8230;<\/p>\n","protected":false},"author":36,"featured_media":18407,"comment_status":"closed","ping_status":"closed","sticky":false,"template":"","format":"standard","meta":{"footnotes":""},"categories":[9],"tags":[],"jetpack_featured_media_url":"https:\/\/vrtec-sezana.si\/wp-content\/uploads\/2024\/12\/20241119_150311-1-scaled.jpg","_links":{"self":[{"href":"https:\/\/vrtec-sezana.si\/index.php?rest_route=\/wp\/v2\/posts\/18405"}],"collection":[{"href":"https:\/\/vrtec-sezana.si\/index.php?rest_route=\/wp\/v2\/posts"}],"about":[{"href":"https:\/\/vrtec-sezana.si\/index.php?rest_route=\/wp\/v2\/types\/post"}],"author":[{"embeddable":true,"href":"https:\/\/vrtec-sezana.si\/index.php?rest_route=\/wp\/v2\/users\/36"}],"replies":[{"embeddable":true,"href":"https:\/\/vrtec-sezana.si\/index.php?rest_route=%2Fwp%2Fv2%2Fcomments&post=18405"}],"version-history":[{"count":1,"href":"https:\/\/vrtec-sezana.si\/index.php?rest_route=\/wp\/v2\/posts\/18405\/revisions"}],"predecessor-version":[{"id":18406,"href":"https:\/\/vrtec-sezana.si\/index.php?rest_route=\/wp\/v2\/posts\/18405\/revisions\/18406"}],"wp:featuredmedia":[{"embeddable":true,"href":"https:\/\/vrtec-sezana.si\/index.php?rest_route=\/wp\/v2\/media\/18407"}],"wp:attachment":[{"href":"https:\/\/vrtec-sezana.si\/index.php?rest_route=%2Fwp%2Fv2%2Fmedia&parent=18405"}],"wp:term":[{"taxonomy":"category","embeddable":true,"href":"https:\/\/vrtec-sezana.si\/index.php?rest_route=%2Fwp%2Fv2%2Fcategories&post=18405"},{"taxonomy":"post_tag","embeddable":true,"href":"https:\/\/vrtec-sezana.si\/index.php?rest_route=%2Fwp%2Fv2%2Ftags&post=18405"}],"curies":[{"name":"wp","href":"https:\/\/api.w.org\/{rel}","templated":true}]}}