{"id":18388,"date":"2024-12-06T14:47:44","date_gmt":"2024-12-06T13:47:44","guid":{"rendered":"https:\/\/vrtec-sezana.si\/?p=18388"},"modified":"2024-12-09T07:13:38","modified_gmt":"2024-12-09T06:13:38","slug":"novoletni-bazar-v-vrtcu-materija","status":"publish","type":"post","link":"https:\/\/vrtec-sezana.si\/?p=18388","title":{"rendered":"Novoletni bazar v vrtcu Materija"},"content":{"rendered":"\n<p>Tudi letos smo v vrtcu Materija z velikim veseljem organizirali novoletni bazar, ki je privabil \u0161tevilne obiskovalce in ustvaril \u010darobno prazni\u010dno vzdu\u0161je. Na dogodku smo se zbrali otroci, star\u0161i, stari star\u0161i ter njihovi sorodniki, ki so nas podprli z obiskom in nakupi.<\/p>\n\n\n\n<p>Na bazarju so bili na voljo raznovrstni unikatni izdelki, ki so jih z veliko truda in ustvarjalnosti pripravili otroci ter strokovne delavke. Med njimi so bili: \u010dudoviti bo\u017ei\u010dni okraski, vo\u0161\u010dilnice, doma\u010di pi\u0161koti, aran\u017emaji iz naravnih materialov, bio metin \u010daj, kopalna sol, bo\u017ei\u010dno \u017eito in drobni spominki.<\/p>\n\n\n\n<p>S skupnimi mo\u010dmi smo ustvarili prijeten dogodek, ki ni bil le prilo\u017enost za nakup, ampak tudi za dru\u017eenje in utrjevanje vezi v na\u0161i skupnosti ob po\u017eirku toplega \u010daja ter pi\u0161kotih.<\/p>\n\n\n\n<p>Pridobljen prostovoljni prispevek je tudi letos presegel na\u0161a pri\u010dakovanja. Del prostovoljnega prispevka gre v Sklad vrtca Se\u017eana, del pa bomo porabile za nakup didakti\u010dnih pripomo\u010dkov za na\u0161e otroke. \u017delimo se iskreno zahvaliti vsem, ki ste prispevali svoj \u010das ter podporo.<\/p>\n\n\n\n<p>Va\u0161a podpora nam pomeni ogromno in \u017ee se veselimo naslednjih prilo\u017enosti za skupno dru\u017eenje.<\/p>\n\n\n\n<p>Naj bo topla prazni\u010dna atmosfera na\u0161ega bazarja popotnica za prihajajo\u010de leto \u2013 polno sodelovanja, ustvarjalnosti in medsebojnega razumevanja.<\/p>\n\n\n\n<p>Hvala vsem.<\/p>\n\n\n\n<p>Besedilo: Marjeta Prunk Sluga<\/p>\n\n\n\n<p>Fotografije: Lea Juri\u0161evi\u010d<\/p>\n\n\n\n<div class=\"wp-block-buttons is-layout-flex wp-block-buttons-is-layout-flex\">\n<div class=\"wp-block-button\"><a class=\"wp-block-button__link wp-element-button\" href=\"https:\/\/vrtec-sezana.si\/?page_id=18358\">GALERIJA<\/a><\/div>\n<\/div>\n","protected":false},"excerpt":{"rendered":"<p>Tudi letos smo v vrtcu Materija z velikim veseljem organizirali novoletni bazar, ki je privabil \u0161tevilne obiskovalce in ustvaril \u010darobno prazni\u010dno vzdu\u0161je. Na dogodku smo se zbrali otroci, star\u0161i, stari star\u0161i ter njihovi sorodniki, ki so nas podprli z obiskom in nakupi&#8230;.<\/p>\n","protected":false},"author":11,"featured_media":18363,"comment_status":"closed","ping_status":"closed","sticky":false,"template":"","format":"standard","meta":{"footnotes":""},"categories":[16],"tags":[],"jetpack_featured_media_url":"https:\/\/vrtec-sezana.si\/wp-content\/uploads\/2024\/12\/20241204_172020-3-scaled.jpg","_links":{"self":[{"href":"https:\/\/vrtec-sezana.si\/index.php?rest_route=\/wp\/v2\/posts\/18388"}],"collection":[{"href":"https:\/\/vrtec-sezana.si\/index.php?rest_route=\/wp\/v2\/posts"}],"about":[{"href":"https:\/\/vrtec-sezana.si\/index.php?rest_route=\/wp\/v2\/types\/post"}],"author":[{"embeddable":true,"href":"https:\/\/vrtec-sezana.si\/index.php?rest_route=\/wp\/v2\/users\/11"}],"replies":[{"embeddable":true,"href":"https:\/\/vrtec-sezana.si\/index.php?rest_route=%2Fwp%2Fv2%2Fcomments&post=18388"}],"version-history":[{"count":2,"href":"https:\/\/vrtec-sezana.si\/index.php?rest_route=\/wp\/v2\/posts\/18388\/revisions"}],"predecessor-version":[{"id":18391,"href":"https:\/\/vrtec-sezana.si\/index.php?rest_route=\/wp\/v2\/posts\/18388\/revisions\/18391"}],"wp:featuredmedia":[{"embeddable":true,"href":"https:\/\/vrtec-sezana.si\/index.php?rest_route=\/wp\/v2\/media\/18363"}],"wp:attachment":[{"href":"https:\/\/vrtec-sezana.si\/index.php?rest_route=%2Fwp%2Fv2%2Fmedia&parent=18388"}],"wp:term":[{"taxonomy":"category","embeddable":true,"href":"https:\/\/vrtec-sezana.si\/index.php?rest_route=%2Fwp%2Fv2%2Fcategories&post=18388"},{"taxonomy":"post_tag","embeddable":true,"href":"https:\/\/vrtec-sezana.si\/index.php?rest_route=%2Fwp%2Fv2%2Ftags&post=18388"}],"curies":[{"name":"wp","href":"https:\/\/api.w.org\/{rel}","templated":true}]}}