{"id":17396,"date":"2024-11-08T18:36:38","date_gmt":"2024-11-08T17:36:38","guid":{"rendered":"https:\/\/vrtec-sezana.si\/?p=17396"},"modified":"2024-11-08T18:36:38","modified_gmt":"2024-11-08T17:36:38","slug":"jesen-pri-lisickah","status":"publish","type":"post","link":"https:\/\/vrtec-sezana.si\/?p=17396","title":{"rendered":"Jesen pri Lisi\u010dkah"},"content":{"rendered":"\n<p>Tudi k nam se je pritihotapila jesen in nas obogatila z mnogimi plodovi in pridelki. Otroci iz skupine<br>Lisi\u010dke so v vrtec prina\u0161ali razli\u010dne sade\u017ee, pridelke in plodove. Igrali so se s kostanji, igrali na orehe,<br>odtiskovali drevesne liste, razvr\u0161\u010dali plodove, spoznali \u0161ipek, le\u0161nike in \u017eelode. Dobili smo tudi skledo<br>krasnega grozdja iz katerega smo iztisnili sok. Pri tem so nam pomagale tudi pridne roke otrok. Sok je bil<br>res zelo dober in z u\u017eitkom smo ga spili.<\/p>\n\n\n\n<p>V jesensko ko\u0161arico se je skrila tudi majhna mu\u0161katna bu\u010da. Ker je nismo \u017eeleli zavre\u010di, smo se<br>odlo\u010dili, da bomo iz nje skuhali juho. Najprej smo si jo dobro ogledali, pote\u017ekali, potipali ter jo<br>razrezali na deski. Opazovali smo, kako je videti njena notranjost. Otroci so pomagali pobrati ven<br>semena, katera smo shranili za setev za naslednje leto. Umili smo si roke in se lotili priprave in<br>kuhe. V na\u0161i kuhinji so nam prijazni kuharji dali \u0161e druge sestavine: \u010debulo, sol, poper, mu\u0161katni<br>ore\u0161\u010dek in olje. Otroci so na primerni varni razdalji opazovali rezanje \u010debule in bu\u010de na ko\u0161\u010dke.<br>Otroci so v lonec dali olje ter druge sestavine. Najprej smo vse prepra\u017eili, zalili, za\u010dinili in opazovali,<br>kako se kuha. Seveda na varni razdalji. \u010cez pol ure je bila bu\u010da skuhana. Vse smo zmiksali in<br>postregli. Otroci so z u\u017eitkom za\u010deli jesti in vsak je pojedel \u0161e repete. Mmm, bu\u010dna juha je res zelo<br>dobra in zdrava.<br><\/p>\n\n\n\n<p>Besedilo: Tadeja Cizl&nbsp;&nbsp;&nbsp;&nbsp;&nbsp;&nbsp;&nbsp;&nbsp;&nbsp;<\/p>\n\n\n\n<p>Fotografije: Mateja Dodi\u010d<\/p>\n\n\n\n<p><\/p>\n\n\n\n<p><\/p>\n\n\n\n<div class=\"wp-block-buttons is-layout-flex wp-block-buttons-is-layout-flex\">\n<div class=\"wp-block-button\"><a class=\"wp-block-button__link wp-element-button\" href=\"https:\/\/vrtec-sezana.si\/?page_id=17375\">GALERIJA<\/a><\/div>\n<\/div>\n","protected":false},"excerpt":{"rendered":"<p>Tudi k nam se je pritihotapila jesen in nas obogatila z mnogimi plodovi in pridelki. Otroci iz skupineLisi\u010dke so v vrtec prina\u0161ali razli\u010dne sade\u017ee, pridelke in plodove. Igrali so se s kostanji, igrali na orehe,odtiskovali drevesne liste, razvr\u0161\u010dali plodove, spoznali \u0161ipek, le\u0161nike&#8230;<\/p>\n","protected":false},"author":35,"featured_media":17392,"comment_status":"closed","ping_status":"closed","sticky":false,"template":"","format":"standard","meta":{"footnotes":""},"categories":[10],"tags":[],"jetpack_featured_media_url":"https:\/\/vrtec-sezana.si\/wp-content\/uploads\/2024\/11\/buce.jpg","_links":{"self":[{"href":"https:\/\/vrtec-sezana.si\/index.php?rest_route=\/wp\/v2\/posts\/17396"}],"collection":[{"href":"https:\/\/vrtec-sezana.si\/index.php?rest_route=\/wp\/v2\/posts"}],"about":[{"href":"https:\/\/vrtec-sezana.si\/index.php?rest_route=\/wp\/v2\/types\/post"}],"author":[{"embeddable":true,"href":"https:\/\/vrtec-sezana.si\/index.php?rest_route=\/wp\/v2\/users\/35"}],"replies":[{"embeddable":true,"href":"https:\/\/vrtec-sezana.si\/index.php?rest_route=%2Fwp%2Fv2%2Fcomments&post=17396"}],"version-history":[{"count":1,"href":"https:\/\/vrtec-sezana.si\/index.php?rest_route=\/wp\/v2\/posts\/17396\/revisions"}],"predecessor-version":[{"id":17398,"href":"https:\/\/vrtec-sezana.si\/index.php?rest_route=\/wp\/v2\/posts\/17396\/revisions\/17398"}],"wp:featuredmedia":[{"embeddable":true,"href":"https:\/\/vrtec-sezana.si\/index.php?rest_route=\/wp\/v2\/media\/17392"}],"wp:attachment":[{"href":"https:\/\/vrtec-sezana.si\/index.php?rest_route=%2Fwp%2Fv2%2Fmedia&parent=17396"}],"wp:term":[{"taxonomy":"category","embeddable":true,"href":"https:\/\/vrtec-sezana.si\/index.php?rest_route=%2Fwp%2Fv2%2Fcategories&post=17396"},{"taxonomy":"post_tag","embeddable":true,"href":"https:\/\/vrtec-sezana.si\/index.php?rest_route=%2Fwp%2Fv2%2Ftags&post=17396"}],"curies":[{"name":"wp","href":"https:\/\/api.w.org\/{rel}","templated":true}]}}