{"id":15490,"date":"2024-09-30T12:37:00","date_gmt":"2024-09-30T11:37:00","guid":{"rendered":"https:\/\/vrtec-sezana.si\/?p=15490"},"modified":"2024-10-01T12:12:16","modified_gmt":"2024-10-01T11:12:16","slug":"uvod-v-pisano-jesen","status":"publish","type":"post","link":"https:\/\/vrtec-sezana.si\/?p=15490","title":{"rendered":"Uvod v pisano jesen"},"content":{"rendered":"\n<p>Prvi jesenski dan, znan tudi kot jesensko enakono\u010dje, je \u010das v letu, ko se narava prelevi v \u010dudovite barve in nas pripravi na prehod v hladnej\u0161e obdobje. Letos je to bilo 22. septembra, ko sta dan in no\u010d skoraj enako dolga. V na\u0161em vrtcu pa smo prvi jesenski dan obele\u017eili 23. septembra, ko nas je obiskala gospa Silva Vrtovec. S pomo\u010djo lutk nam je povedala pou\u010dno zgodbo \u00bbJabolko\u00ab pisateljice Anje \u0160tefan.\u00a0 Preko zgodbe so otroci spoznali kako lepo je, \u010de si prijatelji med seboj pomagajo in kako pomembno je imeti topel dom. Na koncu nam je je\u017eek razdelil jabolka katera nam je poslala tetka Jesen.<\/p>\n\n\n\n<p>Gospe Silvi se iskreno zahvaljujemo, da si je vzela \u010das in nam polep\u0161ala prvi jesenski dan.<\/p>\n\n\n\n<p>Besedilo: Katarina \u010cernigoj<\/p>\n\n\n\n<p>Fotografija: Mojca Mozeti\u010d<\/p>\n\n\n\n<div class=\"wp-block-buttons is-layout-flex wp-block-buttons-is-layout-flex\">\n<div class=\"wp-block-button\"><a class=\"wp-block-button__link wp-element-button\" href=\"https:\/\/vrtec-sezana.si\/?page_id=15480\">GALERIJA<\/a><\/div>\n<\/div>\n","protected":false},"excerpt":{"rendered":"<p>Prvi jesenski dan, znan tudi kot jesensko enakono\u010dje, je \u010das v letu, ko se narava prelevi v \u010dudovite barve in nas pripravi na prehod v hladnej\u0161e obdobje. Letos je to bilo 22. septembra, ko sta dan in no\u010d skoraj enako dolga. V&#8230;<\/p>\n","protected":false},"author":15,"featured_media":15491,"comment_status":"closed","ping_status":"open","sticky":false,"template":"","format":"standard","meta":{"footnotes":""},"categories":[15],"tags":[],"jetpack_featured_media_url":"https:\/\/vrtec-sezana.si\/wp-content\/uploads\/2024\/09\/Autumn_Pumpkin_and_Fruits_PNG_Clipart_Image.png","_links":{"self":[{"href":"https:\/\/vrtec-sezana.si\/index.php?rest_route=\/wp\/v2\/posts\/15490"}],"collection":[{"href":"https:\/\/vrtec-sezana.si\/index.php?rest_route=\/wp\/v2\/posts"}],"about":[{"href":"https:\/\/vrtec-sezana.si\/index.php?rest_route=\/wp\/v2\/types\/post"}],"author":[{"embeddable":true,"href":"https:\/\/vrtec-sezana.si\/index.php?rest_route=\/wp\/v2\/users\/15"}],"replies":[{"embeddable":true,"href":"https:\/\/vrtec-sezana.si\/index.php?rest_route=%2Fwp%2Fv2%2Fcomments&post=15490"}],"version-history":[{"count":2,"href":"https:\/\/vrtec-sezana.si\/index.php?rest_route=\/wp\/v2\/posts\/15490\/revisions"}],"predecessor-version":[{"id":15678,"href":"https:\/\/vrtec-sezana.si\/index.php?rest_route=\/wp\/v2\/posts\/15490\/revisions\/15678"}],"wp:featuredmedia":[{"embeddable":true,"href":"https:\/\/vrtec-sezana.si\/index.php?rest_route=\/wp\/v2\/media\/15491"}],"wp:attachment":[{"href":"https:\/\/vrtec-sezana.si\/index.php?rest_route=%2Fwp%2Fv2%2Fmedia&parent=15490"}],"wp:term":[{"taxonomy":"category","embeddable":true,"href":"https:\/\/vrtec-sezana.si\/index.php?rest_route=%2Fwp%2Fv2%2Fcategories&post=15490"},{"taxonomy":"post_tag","embeddable":true,"href":"https:\/\/vrtec-sezana.si\/index.php?rest_route=%2Fwp%2Fv2%2Ftags&post=15490"}],"curies":[{"name":"wp","href":"https:\/\/api.w.org\/{rel}","templated":true}]}}