{"id":15227,"date":"2024-06-26T13:25:00","date_gmt":"2024-06-26T12:25:00","guid":{"rendered":"https:\/\/vrtec-sezana.si\/?p=15227"},"modified":"2024-09-10T13:26:51","modified_gmt":"2024-09-10T12:26:51","slug":"lunino-kraljestvo","status":"publish","type":"post","link":"https:\/\/vrtec-sezana.si\/?p=15227","title":{"rendered":"Lunino kraljestvo"},"content":{"rendered":"\n<p><\/p>\n\n\n\n<p>\u00a0\u00a0<\/p>\n\n\n\n<p>Ob zaklju\u010dku \u0161olskega leta smo za star\u0161e pripravili nastop in jim zaigrali glasbeno pravljico Lunino kraljestvo.\u00a0\u00a0 \u00a0Priprave na nastop so potekale dolgo \u010dasa. Otroci so se najprej seznanili z glasbeno pravljico, ki jim je bila zelo v\u0161e\u010d. Ideja za nastop je bila takoj sprejeta. Otroci so se aktivno vklju\u010devali v pripravo in izdelavo rekvizitov ter scene. Vsak otrok je imel mo\u017enost izbire svoje vloge. \u017deljo po poslu\u0161anju pravljice so ve\u010dkrat izrazili. Mo\u017enost so jo imeli poslu\u0161ati ob razli\u010dnih delih dneva. Vse pesmi so se nau\u010dili in te\u017eko so pri\u010dakovali dan, ko se bodo na odru predstavili star\u0161em. Otroci so na odru kar blesteli. Zelo spro\u0161\u010deno so zaigrali in navdu\u0161ili svoje star\u0161e. Star\u0161i so bili zelo ponosni na svoje otroke. \u010cestitkam ni bilo konca ne kraja.<\/p>\n\n\n\n<p>Besedilo: Jerica Hlad<\/p>\n\n\n\n<p>Fotografije Ur\u0161a Raimondi&nbsp;<\/p>\n\n\n\n<p><\/p>\n\n\n\n<p><\/p>\n\n\n\n<p><\/p>\n\n\n\n<p><\/p>\n\n\n\n<p><\/p>\n\n\n\n<p><\/p>\n\n\n\n<p><\/p>\n\n\n\n<p><\/p>\n\n\n\n<div class=\"wp-block-buttons is-layout-flex wp-block-buttons-is-layout-flex\">\n<div class=\"wp-block-button\"><a class=\"wp-block-button__link wp-element-button\" href=\"https:\/\/vrtec-sezana.si\/?page_id=15203\">GALERIJA<\/a><\/div>\n<\/div>\n","protected":false},"excerpt":{"rendered":"<p>\u00a0\u00a0 Ob zaklju\u010dku \u0161olskega leta smo za star\u0161e pripravili nastop in jim zaigrali glasbeno pravljico Lunino kraljestvo.\u00a0\u00a0 \u00a0Priprave na nastop so potekale dolgo \u010dasa. Otroci so se najprej seznanili z glasbeno pravljico, ki jim je bila zelo v\u0161e\u010d. Ideja za nastop je&#8230;<\/p>\n","protected":false},"author":7,"featured_media":15205,"comment_status":"closed","ping_status":"closed","sticky":false,"template":"","format":"standard","meta":{"footnotes":""},"categories":[17],"tags":[],"jetpack_featured_media_url":"https:\/\/vrtec-sezana.si\/wp-content\/uploads\/2024\/09\/IMG_2383.jpeg","_links":{"self":[{"href":"https:\/\/vrtec-sezana.si\/index.php?rest_route=\/wp\/v2\/posts\/15227"}],"collection":[{"href":"https:\/\/vrtec-sezana.si\/index.php?rest_route=\/wp\/v2\/posts"}],"about":[{"href":"https:\/\/vrtec-sezana.si\/index.php?rest_route=\/wp\/v2\/types\/post"}],"author":[{"embeddable":true,"href":"https:\/\/vrtec-sezana.si\/index.php?rest_route=\/wp\/v2\/users\/7"}],"replies":[{"embeddable":true,"href":"https:\/\/vrtec-sezana.si\/index.php?rest_route=%2Fwp%2Fv2%2Fcomments&post=15227"}],"version-history":[{"count":1,"href":"https:\/\/vrtec-sezana.si\/index.php?rest_route=\/wp\/v2\/posts\/15227\/revisions"}],"predecessor-version":[{"id":15228,"href":"https:\/\/vrtec-sezana.si\/index.php?rest_route=\/wp\/v2\/posts\/15227\/revisions\/15228"}],"wp:featuredmedia":[{"embeddable":true,"href":"https:\/\/vrtec-sezana.si\/index.php?rest_route=\/wp\/v2\/media\/15205"}],"wp:attachment":[{"href":"https:\/\/vrtec-sezana.si\/index.php?rest_route=%2Fwp%2Fv2%2Fmedia&parent=15227"}],"wp:term":[{"taxonomy":"category","embeddable":true,"href":"https:\/\/vrtec-sezana.si\/index.php?rest_route=%2Fwp%2Fv2%2Fcategories&post=15227"},{"taxonomy":"post_tag","embeddable":true,"href":"https:\/\/vrtec-sezana.si\/index.php?rest_route=%2Fwp%2Fv2%2Ftags&post=15227"}],"curies":[{"name":"wp","href":"https:\/\/api.w.org\/{rel}","templated":true}]}}