{"id":15114,"date":"2024-04-20T13:02:00","date_gmt":"2024-04-20T12:02:00","guid":{"rendered":"https:\/\/vrtec-sezana.si\/?p=15114"},"modified":"2024-09-10T13:06:29","modified_gmt":"2024-09-10T12:06:29","slug":"grjmo-u-rbuto-2","status":"publish","type":"post","link":"https:\/\/vrtec-sezana.si\/?p=15114","title":{"rendered":"Grjmo u r\u2019buto"},"content":{"rendered":"\n<p><\/p>\n\n\n\n<p>\u00a0\u00a0\u00a0\u00a0\u00a0\u00a0\u00a0\u00a0\u00a0\u00a0\u00a0\u00a0<\/p>\n\n\n\n<p>Otroci iz vrtca Se\u017eana, enote Povir, smo se odlo\u010dili, da se bomo tudi pridru\u017eili ob\u010dinski \u010distilni akciji Grjmo u r\u2019buto. Dobili smo se v soboto,20.4.2024 zjutraj pred vrtcem. Ko smo se vsi zbrali, smo se dogovorili kaj bomo o\u010distili in kaj bomo za \u010di\u0161\u010denje potrebovali. Razdelili smo si rokavice in vre\u010de za smeti, ter se odpravili na delo. Najprej smo o\u010distili va\u0161ko igri\u0161\u010de. Odpravili smo se \u0161e po vasi, po poteh, po katerih se radi sprehajamo. Ko smo z delom kon\u010dali, smo smeti \u0161e sortirali, se okrep\u010dali s sokom in ko\u0161\u010dkom \u010dokolade, se malo poigrali na igri\u0161\u010du, ter se odpravili domov. Velika zahvala star\u0161em in g. Franku Ur\u0161i\u010du za pomo\u010d.<\/p>\n\n\n\n<p>Besedilo in fotografije: Ur\u0161a Raimondi<\/p>\n\n\n\n<p><\/p>\n\n\n\n<p><\/p>\n\n\n\n<p><\/p>\n\n\n\n<p><\/p>\n\n\n\n<p><\/p>\n\n\n\n<p><\/p>\n\n\n\n<p><\/p>\n\n\n\n<p><\/p>\n\n\n\n<p><\/p>\n\n\n\n<p><\/p>\n\n\n\n<div class=\"wp-block-buttons is-layout-flex wp-block-buttons-is-layout-flex\">\n<div class=\"wp-block-button\"><a class=\"wp-block-button__link wp-element-button\" href=\"https:\/\/vrtec-sezana.si\/?page_id=15103\">GALERIJA<\/a><\/div>\n<\/div>\n","protected":false},"excerpt":{"rendered":"<p>\u00a0\u00a0\u00a0\u00a0\u00a0\u00a0\u00a0\u00a0\u00a0\u00a0\u00a0\u00a0 Otroci iz vrtca Se\u017eana, enote Povir, smo se odlo\u010dili, da se bomo tudi pridru\u017eili ob\u010dinski \u010distilni akciji Grjmo u r\u2019buto. Dobili smo se v soboto,20.4.2024 zjutraj pred vrtcem. Ko smo se vsi zbrali, smo se dogovorili kaj bomo o\u010distili in kaj&#8230;<\/p>\n","protected":false},"author":7,"featured_media":15115,"comment_status":"closed","ping_status":"closed","sticky":false,"template":"","format":"standard","meta":{"footnotes":""},"categories":[17],"tags":[],"jetpack_featured_media_url":"https:\/\/vrtec-sezana.si\/wp-content\/uploads\/2024\/09\/images.jpg","_links":{"self":[{"href":"https:\/\/vrtec-sezana.si\/index.php?rest_route=\/wp\/v2\/posts\/15114"}],"collection":[{"href":"https:\/\/vrtec-sezana.si\/index.php?rest_route=\/wp\/v2\/posts"}],"about":[{"href":"https:\/\/vrtec-sezana.si\/index.php?rest_route=\/wp\/v2\/types\/post"}],"author":[{"embeddable":true,"href":"https:\/\/vrtec-sezana.si\/index.php?rest_route=\/wp\/v2\/users\/7"}],"replies":[{"embeddable":true,"href":"https:\/\/vrtec-sezana.si\/index.php?rest_route=%2Fwp%2Fv2%2Fcomments&post=15114"}],"version-history":[{"count":1,"href":"https:\/\/vrtec-sezana.si\/index.php?rest_route=\/wp\/v2\/posts\/15114\/revisions"}],"predecessor-version":[{"id":15116,"href":"https:\/\/vrtec-sezana.si\/index.php?rest_route=\/wp\/v2\/posts\/15114\/revisions\/15116"}],"wp:featuredmedia":[{"embeddable":true,"href":"https:\/\/vrtec-sezana.si\/index.php?rest_route=\/wp\/v2\/media\/15115"}],"wp:attachment":[{"href":"https:\/\/vrtec-sezana.si\/index.php?rest_route=%2Fwp%2Fv2%2Fmedia&parent=15114"}],"wp:term":[{"taxonomy":"category","embeddable":true,"href":"https:\/\/vrtec-sezana.si\/index.php?rest_route=%2Fwp%2Fv2%2Fcategories&post=15114"},{"taxonomy":"post_tag","embeddable":true,"href":"https:\/\/vrtec-sezana.si\/index.php?rest_route=%2Fwp%2Fv2%2Ftags&post=15114"}],"curies":[{"name":"wp","href":"https:\/\/api.w.org\/{rel}","templated":true}]}}