{"id":14818,"date":"2024-08-01T18:27:32","date_gmt":"2024-08-01T17:27:32","guid":{"rendered":"https:\/\/vrtec-sezana.si\/?p=14818"},"modified":"2024-08-01T18:35:29","modified_gmt":"2024-08-01T17:35:29","slug":"poletni-ziv-zav-pri-medvedkih","status":"publish","type":"post","link":"https:\/\/vrtec-sezana.si\/?p=14818","title":{"rendered":"Poletni \u017eiv \u017eav pri Medvedkih"},"content":{"rendered":"\n<p>Juhuhu, kon\u010dno je poletje tu! Tople poletne dopoldneve pri Medvedkih izkoristimo za igranje zunaj. Ven gremo takoj po dopoldanski malici, saj se ob 10h \u017ee vra\u010damo v notranjost vrtca, ker je zunaj \u017ee precej vro\u010de. Veliko se igramo na igri\u0161\u010du v peskovniku, kjer se dru\u017eimo z ostalimi skupinami otrok iz cele enote. Tam so otrokom na razpolago lopatke, kanglice ter drugi pripomo\u010dki za igro v peskovniku. Zelo radi posegajo tudi po velikih tovornjakih in traktorjih, katere nam je lani za darilo prinesel Dedek mraz. Dvakrat smo se tekom po\u010ditnic odpravili tudi na sprehod okrog vrtca. Otroci so pridni dr\u017eali bibo in opazovali okolico. Z veseljem so pomahali mimoido\u010dim in jih tudi lepo pozdravili.&nbsp;<\/p>\n\n\n\n<p>Veliko \u010dasa izkoristimo tudi na na\u0161i terasi, ki si jo delimo s skupino Mi\u0161ke. V teh dneh smo na ograjo terase navezali table pikapolonice, na katere so otroci risali s kredami. Poslu\u017eevali smo se tudi poganjalcev in ostalih telovadnih pripomo\u010dkov.&nbsp;<\/p>\n\n\n\n<p>Ko postane pa zunaj prevro\u010de se radi poslu\u017eujemo tudi vrt\u010devske telovadnice, v kateri imamo na razpolago pester izbor telovadnih pripomo\u010dkov. Vsekakor se trudimo, da se otroci \u010dim ve\u010d gibajo, tako zunaj kot v notranjosti vrtca.&nbsp;<\/p>\n\n\n\n<p>Besedilo in slike: Tadeja Po\u017ear<\/p>\n\n\n\n<p><\/p>\n\n\n\n<p><\/p>\n\n\n\n<div class=\"wp-block-buttons is-layout-flex wp-block-buttons-is-layout-flex\">\n<div class=\"wp-block-button\"><a class=\"wp-block-button__link wp-element-button\" href=\"https:\/\/vrtec-sezana.si\/?page_id=14822\">GALERIJA<\/a><\/div>\n\n\n\n\n<\/div>\n","protected":false},"excerpt":{"rendered":"<p>Juhuhu, kon\u010dno je poletje tu! Tople poletne dopoldneve pri Medvedkih izkoristimo za igranje zunaj. Ven gremo takoj po dopoldanski malici, saj se ob 10h \u017ee vra\u010damo v notranjost vrtca, ker je zunaj \u017ee precej vro\u010de. Veliko se igramo na igri\u0161\u010du v peskovniku,&#8230;<\/p>\n","protected":false},"author":24,"featured_media":14816,"comment_status":"closed","ping_status":"closed","sticky":false,"template":"","format":"standard","meta":{"footnotes":""},"categories":[6],"tags":[],"jetpack_featured_media_url":"https:\/\/vrtec-sezana.si\/wp-content\/uploads\/2024\/08\/IMG_6263-scaled.jpg","_links":{"self":[{"href":"https:\/\/vrtec-sezana.si\/index.php?rest_route=\/wp\/v2\/posts\/14818"}],"collection":[{"href":"https:\/\/vrtec-sezana.si\/index.php?rest_route=\/wp\/v2\/posts"}],"about":[{"href":"https:\/\/vrtec-sezana.si\/index.php?rest_route=\/wp\/v2\/types\/post"}],"author":[{"embeddable":true,"href":"https:\/\/vrtec-sezana.si\/index.php?rest_route=\/wp\/v2\/users\/24"}],"replies":[{"embeddable":true,"href":"https:\/\/vrtec-sezana.si\/index.php?rest_route=%2Fwp%2Fv2%2Fcomments&post=14818"}],"version-history":[{"count":3,"href":"https:\/\/vrtec-sezana.si\/index.php?rest_route=\/wp\/v2\/posts\/14818\/revisions"}],"predecessor-version":[{"id":14838,"href":"https:\/\/vrtec-sezana.si\/index.php?rest_route=\/wp\/v2\/posts\/14818\/revisions\/14838"}],"wp:featuredmedia":[{"embeddable":true,"href":"https:\/\/vrtec-sezana.si\/index.php?rest_route=\/wp\/v2\/media\/14816"}],"wp:attachment":[{"href":"https:\/\/vrtec-sezana.si\/index.php?rest_route=%2Fwp%2Fv2%2Fmedia&parent=14818"}],"wp:term":[{"taxonomy":"category","embeddable":true,"href":"https:\/\/vrtec-sezana.si\/index.php?rest_route=%2Fwp%2Fv2%2Fcategories&post=14818"},{"taxonomy":"post_tag","embeddable":true,"href":"https:\/\/vrtec-sezana.si\/index.php?rest_route=%2Fwp%2Fv2%2Ftags&post=14818"}],"curies":[{"name":"wp","href":"https:\/\/api.w.org\/{rel}","templated":true}]}}