{"id":14779,"date":"2024-07-31T22:59:05","date_gmt":"2024-07-31T21:59:05","guid":{"rendered":"https:\/\/vrtec-sezana.si\/?p=14779"},"modified":"2024-07-31T23:08:13","modified_gmt":"2024-07-31T22:08:13","slug":"cas-za-limonado","status":"publish","type":"post","link":"https:\/\/vrtec-sezana.si\/?p=14779","title":{"rendered":"\u010cas za limonado"},"content":{"rendered":"\n<p>V teh vro\u010dih dneh smo si v vrtcu za\u017eeleli limonado. Za pripravo te smo priskrbeli limone in meto, ki smo jo nabrali kar z na\u0161ega zeli\u0161\u010dnega vrta. Med pripravo limonade smo otrokom ponudile rezine limon za oku\u0161anje. Starej\u0161i otroci so jih poskusili in povedali, da so kisle.<\/p>\n\n\n\n<p>Nato smo nadaljevali s pripravo limonade. V vr\u010d smo nalili vodo dodali stisnjene limone, meto in nekaj rezin limon. Otroci so poskusili in ugotovili, da je \u0161e vedno kisla. Zato smo na\u0161i limonadi dodali \u0161e malo medu in tako poskrbeli za bolj sladek okus limonade. Limonado smo pustili v hladilniku, da se malo ohladi.<\/p>\n\n\n\n<p>Medtem smo nadaljevali z igro v peskovniku in urejanjem grma sivke.<\/p>\n\n\n\n<p>Nato smo bili pripravljeni na osve\u017eitev z limonado. Nato\u010dili smo jo v lon\u010dke katerim smo dodali slamice in tako u\u017eivali ob pitju na\u0161e limonade.<\/p>\n\n\n\n<p>Besedilo: Nada Ma\u010dinkovi\u0107<\/p>\n\n\n\n<p>Fotografije: Nada Ma\u010dinkovi\u0107<\/p>\n\n\n\n<div class=\"wp-block-buttons is-layout-flex wp-block-buttons-is-layout-flex\">\n<div class=\"wp-block-button\"><a class=\"wp-block-button__link wp-element-button\" href=\"https:\/\/vrtec-sezana.si\/?page_id=14759\">GALERIJA<\/a><\/div>\n<\/div>\n","protected":false},"excerpt":{"rendered":"<p>V teh vro\u010dih dneh smo si v vrtcu za\u017eeleli limonado. Za pripravo te smo priskrbeli limone in meto, ki smo jo nabrali kar z na\u0161ega zeli\u0161\u010dnega vrta. Med pripravo limonade smo otrokom ponudile rezine limon za oku\u0161anje. Starej\u0161i otroci so jih poskusili&#8230;<\/p>\n","protected":false},"author":23,"featured_media":14760,"comment_status":"closed","ping_status":"closed","sticky":false,"template":"","format":"standard","meta":{"footnotes":""},"categories":[13],"tags":[],"jetpack_featured_media_url":"https:\/\/vrtec-sezana.si\/wp-content\/uploads\/2024\/07\/20240718_101048-scaled.jpg","_links":{"self":[{"href":"https:\/\/vrtec-sezana.si\/index.php?rest_route=\/wp\/v2\/posts\/14779"}],"collection":[{"href":"https:\/\/vrtec-sezana.si\/index.php?rest_route=\/wp\/v2\/posts"}],"about":[{"href":"https:\/\/vrtec-sezana.si\/index.php?rest_route=\/wp\/v2\/types\/post"}],"author":[{"embeddable":true,"href":"https:\/\/vrtec-sezana.si\/index.php?rest_route=\/wp\/v2\/users\/23"}],"replies":[{"embeddable":true,"href":"https:\/\/vrtec-sezana.si\/index.php?rest_route=%2Fwp%2Fv2%2Fcomments&post=14779"}],"version-history":[{"count":4,"href":"https:\/\/vrtec-sezana.si\/index.php?rest_route=\/wp\/v2\/posts\/14779\/revisions"}],"predecessor-version":[{"id":14800,"href":"https:\/\/vrtec-sezana.si\/index.php?rest_route=\/wp\/v2\/posts\/14779\/revisions\/14800"}],"wp:featuredmedia":[{"embeddable":true,"href":"https:\/\/vrtec-sezana.si\/index.php?rest_route=\/wp\/v2\/media\/14760"}],"wp:attachment":[{"href":"https:\/\/vrtec-sezana.si\/index.php?rest_route=%2Fwp%2Fv2%2Fmedia&parent=14779"}],"wp:term":[{"taxonomy":"category","embeddable":true,"href":"https:\/\/vrtec-sezana.si\/index.php?rest_route=%2Fwp%2Fv2%2Fcategories&post=14779"},{"taxonomy":"post_tag","embeddable":true,"href":"https:\/\/vrtec-sezana.si\/index.php?rest_route=%2Fwp%2Fv2%2Ftags&post=14779"}],"curies":[{"name":"wp","href":"https:\/\/api.w.org\/{rel}","templated":true}]}}