{"id":14240,"date":"2024-06-30T22:17:26","date_gmt":"2024-06-30T21:17:26","guid":{"rendered":"https:\/\/vrtec-sezana.si\/?p=14240"},"modified":"2024-06-30T22:17:26","modified_gmt":"2024-06-30T21:17:26","slug":"bor-in-bina-na-soncu-2","status":"publish","type":"post","link":"https:\/\/vrtec-sezana.si\/?p=14240","title":{"rendered":"Bor in Bina na soncu 2."},"content":{"rendered":"\n<p>Na temo slikanice smo skupaj z otroki izdelali tudi plakat Varno s soncem, se igrali spomin Varno s soncem in spomin poletna obla\u010dila. \u00a0<\/p>\n\n\n\n<p>Peli pesmice o soncu in poletju. Te smo usvajali in peli ob sli\u010dicah in ob gibanju z didakti\u010dno kocko kot tudi ob igranju na flavto in prepoznavanju melodij pesmic.<\/p>\n\n\n\n<p>Listali kartonke o soncu, morju in morskih \u017eivalih. Listali in iskali samoza\u0161\u010ditna sredstva pred soncem v \u010dasopisih.\u00a0 Igrali smo se s samoza\u0161\u010ditnimi sredstvi in poletnimi obla\u010dili. Razvr\u0161\u010dali sli\u010dice obla\u010dil glede na to ali je obla\u010dilo poletno ali ni poletno. Sestavljali sestavljanke poletnih obla\u010dil iz dveh delov v celoto. Siluete de\u010dka in deklice obla\u010dili s poletnimi obla\u010dili.<\/p>\n\n\n\n<p>Pozabili pa nismo niti na igro. Otroci so se igrali na vrt\u010devskem igri\u0161\u010du, kjer so si za igro poiskali senco.<\/p>\n\n\n\n<p>Besedilo: Nada Ma\u010dinkovi\u0107<\/p>\n\n\n\n<p>Fotografije: Nada Ma\u010dinkovi\u0107<\/p>\n\n\n\n<div class=\"wp-block-buttons is-layout-flex wp-block-buttons-is-layout-flex\">\n<div class=\"wp-block-button\"><a class=\"wp-block-button__link wp-element-button\" href=\"https:\/\/vrtec-sezana.si\/?page_id=14217\">GALERIJA<\/a><\/div>\n<\/div>\n","protected":false},"excerpt":{"rendered":"<p>Na temo slikanice smo skupaj z otroki izdelali tudi plakat Varno s soncem, se igrali spomin Varno s soncem in spomin poletna obla\u010dila. \u00a0 Peli pesmice o soncu in poletju. Te smo usvajali in peli ob sli\u010dicah in ob gibanju z didakti\u010dno&#8230;<\/p>\n","protected":false},"author":23,"featured_media":14213,"comment_status":"closed","ping_status":"closed","sticky":false,"template":"","format":"standard","meta":{"footnotes":""},"categories":[13],"tags":[],"jetpack_featured_media_url":"https:\/\/vrtec-sezana.si\/wp-content\/uploads\/2024\/06\/ZVPyZn2K1Cak-1.webp","_links":{"self":[{"href":"https:\/\/vrtec-sezana.si\/index.php?rest_route=\/wp\/v2\/posts\/14240"}],"collection":[{"href":"https:\/\/vrtec-sezana.si\/index.php?rest_route=\/wp\/v2\/posts"}],"about":[{"href":"https:\/\/vrtec-sezana.si\/index.php?rest_route=\/wp\/v2\/types\/post"}],"author":[{"embeddable":true,"href":"https:\/\/vrtec-sezana.si\/index.php?rest_route=\/wp\/v2\/users\/23"}],"replies":[{"embeddable":true,"href":"https:\/\/vrtec-sezana.si\/index.php?rest_route=%2Fwp%2Fv2%2Fcomments&post=14240"}],"version-history":[{"count":1,"href":"https:\/\/vrtec-sezana.si\/index.php?rest_route=\/wp\/v2\/posts\/14240\/revisions"}],"predecessor-version":[{"id":14241,"href":"https:\/\/vrtec-sezana.si\/index.php?rest_route=\/wp\/v2\/posts\/14240\/revisions\/14241"}],"wp:featuredmedia":[{"embeddable":true,"href":"https:\/\/vrtec-sezana.si\/index.php?rest_route=\/wp\/v2\/media\/14213"}],"wp:attachment":[{"href":"https:\/\/vrtec-sezana.si\/index.php?rest_route=%2Fwp%2Fv2%2Fmedia&parent=14240"}],"wp:term":[{"taxonomy":"category","embeddable":true,"href":"https:\/\/vrtec-sezana.si\/index.php?rest_route=%2Fwp%2Fv2%2Fcategories&post=14240"},{"taxonomy":"post_tag","embeddable":true,"href":"https:\/\/vrtec-sezana.si\/index.php?rest_route=%2Fwp%2Fv2%2Ftags&post=14240"}],"curies":[{"name":"wp","href":"https:\/\/api.w.org\/{rel}","templated":true}]}}