{"id":14215,"date":"2024-06-30T22:11:24","date_gmt":"2024-06-30T21:11:24","guid":{"rendered":"https:\/\/vrtec-sezana.si\/?p=14215"},"modified":"2024-06-30T22:11:25","modified_gmt":"2024-06-30T21:11:25","slug":"bor-in-bina-na-soncu-1","status":"publish","type":"post","link":"https:\/\/vrtec-sezana.si\/?p=14215","title":{"rendered":"Bor in Bina na soncu 1."},"content":{"rendered":"\n<p>V mesecu maju smo se pri medvedkih seznanili s slikanico Bor in Bina na soncu. Prek slikanice sva \u017eeleli otroke seznaniti s samoza\u0161\u010ditnimi sredstvi pred soncem, ki jih bodo v \u010dasu poletnih po\u010ditnic ko nas bo sonce s svojimi \u017earki mo\u010dno grelo \u0161e kako potrebovali.<\/p>\n\n\n\n<p>Na omari v igralnici so imeli otroci ves \u010das na voljo ilustracije slikanice. Te so si vsak dan ogledovali in&nbsp; ob njih skupaj s svojimi prijatelji obnavljali kaj vse sta po\u010dela Bor in Bina na soncu.<\/p>\n\n\n\n<p>Otrokom sva nato ponudili tudi dejavnosti prek katerih so utrjevali samoza\u0161\u010ditna sredstva pred soncem kot tudi poletna obla\u010dila, ki jih bodo potrebovali za ta letni \u010das.<\/p>\n\n\n\n<p>Tako smo pri medvedkih na temo samoza\u0161\u010ditnih sredstev pred soncem likovno ustvarjali in naredili sonce, kape, o\u010dala in sladoled.<\/p>\n\n\n\n<p>Obele\u017eili Svetovni dan sonca 28.5.2024.<\/p>\n\n\n\n<p>Spoznali in spro\u0161\u010dali pa smo se tudi ob jogi za otroke ( Pozdrav soncu), ki je bila otrokom zelo v\u0161e\u010d.<\/p>\n\n\n\n<p>Besedilo: Nada Ma\u010dinkovi\u0107<\/p>\n\n\n\n<p>Fotografije: Nada Ma\u010dinkovi\u0107<\/p>\n\n\n\n<div class=\"wp-block-buttons is-layout-flex wp-block-buttons-is-layout-flex\">\n<div class=\"wp-block-button\"><a class=\"wp-block-button__link wp-element-button\" href=\"https:\/\/vrtec-sezana.si\/?page_id=14191\">GALERIJA<\/a><\/div>\n<\/div>\n","protected":false},"excerpt":{"rendered":"<p>V mesecu maju smo se pri medvedkih seznanili s slikanico Bor in Bina na soncu. Prek slikanice sva \u017eeleli otroke seznaniti s samoza\u0161\u010ditnimi sredstvi pred soncem, ki jih bodo v \u010dasu poletnih po\u010ditnic ko nas bo sonce s svojimi \u017earki mo\u010dno grelo&#8230;<\/p>\n","protected":false},"author":23,"featured_media":14213,"comment_status":"closed","ping_status":"closed","sticky":false,"template":"","format":"standard","meta":{"footnotes":""},"categories":[13],"tags":[],"jetpack_featured_media_url":"https:\/\/vrtec-sezana.si\/wp-content\/uploads\/2024\/06\/ZVPyZn2K1Cak-1.webp","_links":{"self":[{"href":"https:\/\/vrtec-sezana.si\/index.php?rest_route=\/wp\/v2\/posts\/14215"}],"collection":[{"href":"https:\/\/vrtec-sezana.si\/index.php?rest_route=\/wp\/v2\/posts"}],"about":[{"href":"https:\/\/vrtec-sezana.si\/index.php?rest_route=\/wp\/v2\/types\/post"}],"author":[{"embeddable":true,"href":"https:\/\/vrtec-sezana.si\/index.php?rest_route=\/wp\/v2\/users\/23"}],"replies":[{"embeddable":true,"href":"https:\/\/vrtec-sezana.si\/index.php?rest_route=%2Fwp%2Fv2%2Fcomments&post=14215"}],"version-history":[{"count":1,"href":"https:\/\/vrtec-sezana.si\/index.php?rest_route=\/wp\/v2\/posts\/14215\/revisions"}],"predecessor-version":[{"id":14216,"href":"https:\/\/vrtec-sezana.si\/index.php?rest_route=\/wp\/v2\/posts\/14215\/revisions\/14216"}],"wp:featuredmedia":[{"embeddable":true,"href":"https:\/\/vrtec-sezana.si\/index.php?rest_route=\/wp\/v2\/media\/14213"}],"wp:attachment":[{"href":"https:\/\/vrtec-sezana.si\/index.php?rest_route=%2Fwp%2Fv2%2Fmedia&parent=14215"}],"wp:term":[{"taxonomy":"category","embeddable":true,"href":"https:\/\/vrtec-sezana.si\/index.php?rest_route=%2Fwp%2Fv2%2Fcategories&post=14215"},{"taxonomy":"post_tag","embeddable":true,"href":"https:\/\/vrtec-sezana.si\/index.php?rest_route=%2Fwp%2Fv2%2Ftags&post=14215"}],"curies":[{"name":"wp","href":"https:\/\/api.w.org\/{rel}","templated":true}]}}