{"id":13997,"date":"2024-06-25T17:05:53","date_gmt":"2024-06-25T16:05:53","guid":{"rendered":"https:\/\/vrtec-sezana.si\/?p=13997"},"modified":"2024-06-25T17:12:01","modified_gmt":"2024-06-25T16:12:01","slug":"zakljucno-srecanje-v-skupini-sloncki","status":"publish","type":"post","link":"https:\/\/vrtec-sezana.si\/?p=13997","title":{"rendered":"Zaklju\u010dno sre\u010danje v skupini Slon\u010dki"},"content":{"rendered":"\n<p>Prvi teden junija smo imeli v skupini Slon\u010dki zaklju\u010dno sre\u010danje. Star\u0161i in otroci so si lahko po videoposnetku ogledali kaj so otroci \u010dez leto po\u010deli v vrtcu in kaj vse so se novega nau\u010dili. Ker smo v mesecu aprilu in maju spoznavali prevozna sredstva, so v povezavi s sklopom otroci izdelali \u010disto svojo lokomotivo iz kartona, kateri sva vzgojiteljici kasneje dodali \u0161e nekaj \u0161katel, ki so predstavljale vagone. Tako so otroci vsaki\u010d, ko so se igrali z lokomotivo, vanjo nalo\u017eili vse dojen\u010dke in torbe ter se odpravili na sladoled v Koper. \u010cetudi lokomotiva zdaj krasi garderobo, otroci niso pozabili &#8221;izletov v Koper&#8221; zato sva jih ob zaklju\u010dnem sre\u010danju vzgojiteljici presenetili s sladoledom, ki je otrokom, \u010detudi nismo bili v Kopru, zelo teknil, \u0161e posebej zato, ker nam je bilo po dolgem muhastem mesecu, vreme kon\u010dno naklonjeno. Star\u0161em in otrokom se iskreno zahvaljujeva za prelepo pre\u017eiveto popoldne, za vse prijazne besede in izkazano pozornost.<\/p>\n\n\n\n<p>Besedilo: Barbara Masten<\/p>\n\n\n\n<p>Fotografije: Barbara Masten, Ana Kova\u010di\u010d<\/p>\n\n\n\n<p><\/p>\n\n\n\n<div class=\"wp-block-buttons is-layout-flex wp-block-buttons-is-layout-flex\">\n<div class=\"wp-block-button\"><a class=\"wp-block-button__link wp-element-button\" href=\"https:\/\/vrtec-sezana.si\/?page_id=13983\">GALERIJA<\/a><\/div>\n<\/div>\n","protected":false},"excerpt":{"rendered":"<p>Prvi teden junija smo imeli v skupini Slon\u010dki zaklju\u010dno sre\u010danje. Star\u0161i in otroci so si lahko po videoposnetku ogledali kaj so otroci \u010dez leto po\u010deli v vrtcu in kaj vse so se novega nau\u010dili. Ker smo v mesecu aprilu in maju spoznavali&#8230;<\/p>\n","protected":false},"author":10,"featured_media":13998,"comment_status":"closed","ping_status":"closed","sticky":false,"template":"","format":"standard","meta":{"footnotes":""},"categories":[10],"tags":[],"jetpack_featured_media_url":"https:\/\/vrtec-sezana.si\/wp-content\/uploads\/2024\/06\/Spostovani-starsi-vabimo-vas-na-zakljucno-srecanje-ki-bo-v-sredo-5.-6.-2_20240606_140154_0000.png","_links":{"self":[{"href":"https:\/\/vrtec-sezana.si\/index.php?rest_route=\/wp\/v2\/posts\/13997"}],"collection":[{"href":"https:\/\/vrtec-sezana.si\/index.php?rest_route=\/wp\/v2\/posts"}],"about":[{"href":"https:\/\/vrtec-sezana.si\/index.php?rest_route=\/wp\/v2\/types\/post"}],"author":[{"embeddable":true,"href":"https:\/\/vrtec-sezana.si\/index.php?rest_route=\/wp\/v2\/users\/10"}],"replies":[{"embeddable":true,"href":"https:\/\/vrtec-sezana.si\/index.php?rest_route=%2Fwp%2Fv2%2Fcomments&post=13997"}],"version-history":[{"count":2,"href":"https:\/\/vrtec-sezana.si\/index.php?rest_route=\/wp\/v2\/posts\/13997\/revisions"}],"predecessor-version":[{"id":14025,"href":"https:\/\/vrtec-sezana.si\/index.php?rest_route=\/wp\/v2\/posts\/13997\/revisions\/14025"}],"wp:featuredmedia":[{"embeddable":true,"href":"https:\/\/vrtec-sezana.si\/index.php?rest_route=\/wp\/v2\/media\/13998"}],"wp:attachment":[{"href":"https:\/\/vrtec-sezana.si\/index.php?rest_route=%2Fwp%2Fv2%2Fmedia&parent=13997"}],"wp:term":[{"taxonomy":"category","embeddable":true,"href":"https:\/\/vrtec-sezana.si\/index.php?rest_route=%2Fwp%2Fv2%2Fcategories&post=13997"},{"taxonomy":"post_tag","embeddable":true,"href":"https:\/\/vrtec-sezana.si\/index.php?rest_route=%2Fwp%2Fv2%2Ftags&post=13997"}],"curies":[{"name":"wp","href":"https:\/\/api.w.org\/{rel}","templated":true}]}}