{"id":13980,"date":"2024-06-25T14:40:20","date_gmt":"2024-06-25T13:40:20","guid":{"rendered":"https:\/\/vrtec-sezana.si\/?p=13980"},"modified":"2024-06-25T15:13:11","modified_gmt":"2024-06-25T14:13:11","slug":"juhuhu-poletje-je-tu","status":"publish","type":"post","link":"https:\/\/vrtec-sezana.si\/?p=13980","title":{"rendered":"Juhuhu, poletje je tu"},"content":{"rendered":"\n<p>Otroci in odrasli v vrtcu \u0160tanjel smo komaj \u010dakali, da se pri\u010dne poletje, z njim topli dnevi, igre z vodo, sladoled in ostale po\u010ditni\u0161ke radosti.<\/p>\n\n\n\n<p>Na prvi poletni dan nas je obiskala Silva Vrtovec, stara mama dveh na\u0161ih otrok.<\/p>\n\n\n\n<p>Kot v vse letne \u010dase do sedaj, smo tudi v zadnji letni \u010das v tem \u0161olskem letu, vstopili s pravljico. Pripravila nam je pravljico o \u00bbMavri\u010dni ribici\u00ab.<\/p>\n\n\n\n<p>Otroci so se v samo zgodbo v\u017eiveli, saj je Silva zgodbo povedala zelo do\u017eiveto.<\/p>\n\n\n\n<p>Mavri\u010dna ribica nam je pripravila tudi nalogo, da izdelamo polno ribic z ble\u0161\u010de\u010dimi luskami.<\/p>\n\n\n\n<p>Silvi se iskreno zahvaljujemo, da si je vzela \u010das in nas obiskala ter nam pripravila \u010dudovit uvod v dolgo poletje.<\/p>\n\n\n\n<p>Ob tej prilo\u017enosti bi za\u017eelele vsem otrokom in star\u0161em lepe, mirne in brezskrbne poletne dni.<\/p>\n\n\n\n<p>Besedilo: Katarina \u010cernigoj<\/p>\n\n\n\n<p>Fotografija: Katarina \u010cernigoj<\/p>\n\n\n\n<div class=\"wp-block-buttons is-layout-flex wp-block-buttons-is-layout-flex\">\n<div class=\"wp-block-button\"><a class=\"wp-block-button__link wp-element-button\" href=\"https:\/\/vrtec-sezana.si\/?page_id=13974\">GALERIJA<\/a><\/div>\n<\/div>\n","protected":false},"excerpt":{"rendered":"<p>Otroci in odrasli v vrtcu \u0160tanjel smo komaj \u010dakali, da se pri\u010dne poletje, z njim topli dnevi, igre z vodo, sladoled in ostale po\u010ditni\u0161ke radosti. Na prvi poletni dan nas je obiskala Silva Vrtovec, stara mama dveh na\u0161ih otrok. Kot v vse&#8230;<\/p>\n","protected":false},"author":16,"featured_media":13981,"comment_status":"closed","ping_status":"open","sticky":false,"template":"","format":"standard","meta":{"footnotes":""},"categories":[15],"tags":[],"jetpack_featured_media_url":"https:\/\/vrtec-sezana.si\/wp-content\/uploads\/2024\/06\/istockphoto-910200710-612x612-1.jpg","_links":{"self":[{"href":"https:\/\/vrtec-sezana.si\/index.php?rest_route=\/wp\/v2\/posts\/13980"}],"collection":[{"href":"https:\/\/vrtec-sezana.si\/index.php?rest_route=\/wp\/v2\/posts"}],"about":[{"href":"https:\/\/vrtec-sezana.si\/index.php?rest_route=\/wp\/v2\/types\/post"}],"author":[{"embeddable":true,"href":"https:\/\/vrtec-sezana.si\/index.php?rest_route=\/wp\/v2\/users\/16"}],"replies":[{"embeddable":true,"href":"https:\/\/vrtec-sezana.si\/index.php?rest_route=%2Fwp%2Fv2%2Fcomments&post=13980"}],"version-history":[{"count":1,"href":"https:\/\/vrtec-sezana.si\/index.php?rest_route=\/wp\/v2\/posts\/13980\/revisions"}],"predecessor-version":[{"id":13982,"href":"https:\/\/vrtec-sezana.si\/index.php?rest_route=\/wp\/v2\/posts\/13980\/revisions\/13982"}],"wp:featuredmedia":[{"embeddable":true,"href":"https:\/\/vrtec-sezana.si\/index.php?rest_route=\/wp\/v2\/media\/13981"}],"wp:attachment":[{"href":"https:\/\/vrtec-sezana.si\/index.php?rest_route=%2Fwp%2Fv2%2Fmedia&parent=13980"}],"wp:term":[{"taxonomy":"category","embeddable":true,"href":"https:\/\/vrtec-sezana.si\/index.php?rest_route=%2Fwp%2Fv2%2Fcategories&post=13980"},{"taxonomy":"post_tag","embeddable":true,"href":"https:\/\/vrtec-sezana.si\/index.php?rest_route=%2Fwp%2Fv2%2Ftags&post=13980"}],"curies":[{"name":"wp","href":"https:\/\/api.w.org\/{rel}","templated":true}]}}