{"id":13968,"date":"2024-06-25T14:46:13","date_gmt":"2024-06-25T13:46:13","guid":{"rendered":"https:\/\/vrtec-sezana.si\/?p=13968"},"modified":"2024-06-25T14:47:27","modified_gmt":"2024-06-25T13:47:27","slug":"otroci-skupine-zajcki-v-kranjski-gori","status":"publish","type":"post","link":"https:\/\/vrtec-sezana.si\/?p=13968","title":{"rendered":"Otroci skupine Zaj\u010dki v Kranjski Gori"},"content":{"rendered":"\n<p>Vrtec Se\u017eana \u017ee vrsto let sodeluje z Medob\u010dinskim dru\u0161tvom prijateljev mladine Se\u017eana. Tako vsako leto peljejo pred\u0161olske otroke na \u0161tiridnevno letovanje v Kranjsko Goro.<\/p>\n\n\n\n<p>Tako se je tudi 13 otrok iz vrtca Komen, skupine Zaj\u010dki odpravilo v Kranjsko Goro. 13. junija smo se s kov\u010dki zbrali pred osnovno \u0161olo, poljub\u010dkali in objeli star\u0161e, jim pomahali in se z avtobusom odpeljali. \u017de na avtobusu smo spoznali novo punco Elo, ki je z nami pre\u017eivela vse \u0161tiri dni.<\/p>\n\n\n\n<p>Prvi dan je bil namenjen razdelitvi sob, sprehodu do jezera Jasna ter igri pred Vilo \u0160umica. Zve\u010der pa nas je \u010dakalo iskanje skritega zaklada.<\/p>\n\n\n\n<p>Drugi dan smo se z avtobusom odpeljali do Planice, kjer smo se vsi povzpeli po najve\u010dji skakalnici. Ogledali smo si tudi Nordijski center Planica. Po poti nazaj smo se ustavili v Zelencih in ob\u010dudovali zeleno barvo vode. Popoldan nas je pred vilo pri\u0161el iskat Bedanc bus, ki nas je odpeljal v Kek\u010devo de\u017eelo. Te\u017eave so se za\u010dele \u017ee na za\u010detku, ko je Bedanec zaprl v kletko na\u0161o Elo. Na\u0161li smo klju\u010d in jo uspe\u0161no re\u0161ili. Prav tako smo re\u0161ili Mojco. \u010ceprav smo se Bedanca malo balo, smo ga s skovikanjem uspe\u0161no pregnali. Ogledali smo si hi\u0161o Kekca, kjer nam je povedal eno skrivnost, ki je ne izdamo nobenemu. Po poti smo sre\u010dali Pehto, ki nas je pogostila s \u010dajem in sladkim kruhom. Da je bil dan \u0161e bolj popoln, smo imeli zve\u010der modno revijo v pi\u017eamah in pi\u017eama parti.<\/p>\n\n\n\n<p>Tretji dan smo izkoristili za igro pri reki Pi\u0161nica, ki je bila \u017eal premrzla, da bi se kopali. Hodili smo proti Krnici in se igrali na igralih pred na\u0161o vilo. Zve\u010der smo imeli kino ve\u010der.<\/p>\n\n\n\n<p>Jutro \u010detrtega dne je bilo de\u017eevno, vendar to nas ni spravilo v slabo voljo, saj smo vedeli, da se vra\u010damo domov. Po kosilu smo se vkrcali na avtobus in komaj \u010dakali, da se vrnemo. Od neu\u010dakanosti smo tudi zaspali. V son\u010dnem Komnu so nas pri\u010dakali star\u0161i. Sko\u010dili smo jim v objem in jim hitro za\u010deli razlagati, kaj vse se nam je zgodilo.<\/p>\n\n\n\n<p>V Kranjsko Gori smo neizmerno u\u017eivali in se zabavali. Z veseljem bi se vrnili \u0161e enkrat.<\/p>\n\n\n\n<p>Besedilo: Veronika Sorta<\/p>\n\n\n\n<p>Fotografija: Veronika Sorta in Ela Ferfolja<\/p>\n\n\n\n<div class=\"wp-block-buttons is-layout-flex wp-block-buttons-is-layout-flex\">\n<div class=\"wp-block-button\"><a class=\"wp-block-button__link wp-element-button\" href=\"https:\/\/vrtec-sezana.si\/?page_id=13937\">GALERIJA<\/a><\/div>\n<\/div>\n","protected":false},"excerpt":{"rendered":"<p>Vrtec Se\u017eana \u017ee vrsto let sodeluje z Medob\u010dinskim dru\u0161tvom prijateljev mladine Se\u017eana. Tako vsako leto peljejo pred\u0161olske otroke na \u0161tiridnevno letovanje v Kranjsko Goro. Tako se je tudi 13 otrok iz vrtca Komen, skupine Zaj\u010dki odpravilo v Kranjsko Goro. 13. junija smo&#8230;<\/p>\n","protected":false},"author":31,"featured_media":13969,"comment_status":"closed","ping_status":"closed","sticky":false,"template":"","format":"standard","meta":{"footnotes":""},"categories":[12],"tags":[],"jetpack_featured_media_url":"https:\/\/vrtec-sezana.si\/wp-content\/uploads\/2024\/06\/IMG_20240613_182212-scaled.jpg","_links":{"self":[{"href":"https:\/\/vrtec-sezana.si\/index.php?rest_route=\/wp\/v2\/posts\/13968"}],"collection":[{"href":"https:\/\/vrtec-sezana.si\/index.php?rest_route=\/wp\/v2\/posts"}],"about":[{"href":"https:\/\/vrtec-sezana.si\/index.php?rest_route=\/wp\/v2\/types\/post"}],"author":[{"embeddable":true,"href":"https:\/\/vrtec-sezana.si\/index.php?rest_route=\/wp\/v2\/users\/31"}],"replies":[{"embeddable":true,"href":"https:\/\/vrtec-sezana.si\/index.php?rest_route=%2Fwp%2Fv2%2Fcomments&post=13968"}],"version-history":[{"count":2,"href":"https:\/\/vrtec-sezana.si\/index.php?rest_route=\/wp\/v2\/posts\/13968\/revisions"}],"predecessor-version":[{"id":13972,"href":"https:\/\/vrtec-sezana.si\/index.php?rest_route=\/wp\/v2\/posts\/13968\/revisions\/13972"}],"wp:featuredmedia":[{"embeddable":true,"href":"https:\/\/vrtec-sezana.si\/index.php?rest_route=\/wp\/v2\/media\/13969"}],"wp:attachment":[{"href":"https:\/\/vrtec-sezana.si\/index.php?rest_route=%2Fwp%2Fv2%2Fmedia&parent=13968"}],"wp:term":[{"taxonomy":"category","embeddable":true,"href":"https:\/\/vrtec-sezana.si\/index.php?rest_route=%2Fwp%2Fv2%2Fcategories&post=13968"},{"taxonomy":"post_tag","embeddable":true,"href":"https:\/\/vrtec-sezana.si\/index.php?rest_route=%2Fwp%2Fv2%2Ftags&post=13968"}],"curies":[{"name":"wp","href":"https:\/\/api.w.org\/{rel}","templated":true}]}}