{"id":13918,"date":"2024-06-25T14:37:37","date_gmt":"2024-06-25T13:37:37","guid":{"rendered":"https:\/\/vrtec-sezana.si\/?p=13918"},"modified":"2024-06-25T14:37:37","modified_gmt":"2024-06-25T13:37:37","slug":"otroci-iz-skupine-zabice-na-letovanju-v-kranjski-gori","status":"publish","type":"post","link":"https:\/\/vrtec-sezana.si\/?p=13918","title":{"rendered":"Otroci iz skupine \u017dabice na letovanju v Kranjski Gori"},"content":{"rendered":"\n<p>V \u010detrtek zjutraj nas je avtobus odpeljal do Kranjske Gore. Tam smo se za \u0161tiri dni nastanili v Vili \u0160umica. V teh \u0161tirih dneh smo se sprehodili do jezera Jasna, se slikali ob kozorogu ter se igrali ob reki Pi\u0161nici. Voda je bila mrzla, zato smo raje iz re\u010dnih kamnov zgradili suhozid.<\/p>\n\n\n\n<p>Ob obisku Planice smo si ogledali trening skakalcev, Nordijski center ter se vsi povzpeli do polovice na\u0161e najve\u010dje skakalnice.<\/p>\n\n\n\n<p>Otroci so bili navdu\u0161eni tudi nad naravnim rezervatom Zelenci in lepotami, ki jih ta prina\u0161a. Opazovali smo modro-zeleno vodo in upali, da vidimo kak\u0161no ribo.<\/p>\n\n\n\n<p>V Vili \u0160umica res ni manjkalo zabave. Zve\u010der smo si pripravili zabavo v pi\u017eamah in lov na skriti zaklad ter se ob prostem \u010dasu igrali veliko zabavnih iger.<\/p>\n\n\n\n<p>Dan, ki bo vsem ostal v spominu, je obisk Kek\u010deve de\u017eele. Tam smo iz Bedan\u010devih rok re\u0161ili vzgojiteljico Elo in Kek\u010devo Mojco. Pogumno smo ugnali Bedanca in se skupaj s Kekcem odpravili do Pehte, kjer sta nas prijazno pogostila. Kekec je otrokom zaupal svojo skrivnost, katero so otroci s polno dragocenih spominov prinesli domov.<\/p>\n\n\n\n<p>Besedilo: Katja Luin<\/p>\n\n\n\n<p>Fotografije: Katja Luin<\/p>\n\n\n\n<div class=\"wp-block-buttons is-layout-flex wp-block-buttons-is-layout-flex\">\n<div class=\"wp-block-button\"><a class=\"wp-block-button__link wp-element-button\" href=\"https:\/\/vrtec-sezana.si\/?page_id=13908\">GALERIJA<\/a><\/div>\n<\/div>\n","protected":false},"excerpt":{"rendered":"<p>V \u010detrtek zjutraj nas je avtobus odpeljal do Kranjske Gore. Tam smo se za \u0161tiri dni nastanili v Vili \u0160umica. V teh \u0161tirih dneh smo se sprehodili do jezera Jasna, se slikali ob kozorogu ter se igrali ob reki Pi\u0161nici. Voda je&#8230;<\/p>\n","protected":false},"author":16,"featured_media":13915,"comment_status":"closed","ping_status":"open","sticky":false,"template":"","format":"standard","meta":{"footnotes":""},"categories":[15],"tags":[],"jetpack_featured_media_url":"https:\/\/vrtec-sezana.si\/wp-content\/uploads\/2024\/06\/e-scaled.jpeg","_links":{"self":[{"href":"https:\/\/vrtec-sezana.si\/index.php?rest_route=\/wp\/v2\/posts\/13918"}],"collection":[{"href":"https:\/\/vrtec-sezana.si\/index.php?rest_route=\/wp\/v2\/posts"}],"about":[{"href":"https:\/\/vrtec-sezana.si\/index.php?rest_route=\/wp\/v2\/types\/post"}],"author":[{"embeddable":true,"href":"https:\/\/vrtec-sezana.si\/index.php?rest_route=\/wp\/v2\/users\/16"}],"replies":[{"embeddable":true,"href":"https:\/\/vrtec-sezana.si\/index.php?rest_route=%2Fwp%2Fv2%2Fcomments&post=13918"}],"version-history":[{"count":1,"href":"https:\/\/vrtec-sezana.si\/index.php?rest_route=\/wp\/v2\/posts\/13918\/revisions"}],"predecessor-version":[{"id":13919,"href":"https:\/\/vrtec-sezana.si\/index.php?rest_route=\/wp\/v2\/posts\/13918\/revisions\/13919"}],"wp:featuredmedia":[{"embeddable":true,"href":"https:\/\/vrtec-sezana.si\/index.php?rest_route=\/wp\/v2\/media\/13915"}],"wp:attachment":[{"href":"https:\/\/vrtec-sezana.si\/index.php?rest_route=%2Fwp%2Fv2%2Fmedia&parent=13918"}],"wp:term":[{"taxonomy":"category","embeddable":true,"href":"https:\/\/vrtec-sezana.si\/index.php?rest_route=%2Fwp%2Fv2%2Fcategories&post=13918"},{"taxonomy":"post_tag","embeddable":true,"href":"https:\/\/vrtec-sezana.si\/index.php?rest_route=%2Fwp%2Fv2%2Ftags&post=13918"}],"curies":[{"name":"wp","href":"https:\/\/api.w.org\/{rel}","templated":true}]}}