{"id":13863,"date":"2024-06-23T15:26:50","date_gmt":"2024-06-23T14:26:50","guid":{"rendered":"https:\/\/vrtec-sezana.si\/?p=13863"},"modified":"2024-06-23T15:31:28","modified_gmt":"2024-06-23T14:31:28","slug":"pikapolonice-na-kmetiji","status":"publish","type":"post","link":"https:\/\/vrtec-sezana.si\/?p=13863","title":{"rendered":"PIKAPOLONICE NA KMETIJI"},"content":{"rendered":"\n<p>V Mesecu juniju smo se Pikapolonice skupaj s star\u0161i odpravile na obisk na kmetijo Alpaka ran\u010d Primorska. Na kmetiji nas je pri\u010dakala prijazna gospa, ki nam je razkazala celotno kmetijo in nam povedala marsikaj zanimivega. Otroci so bili navdu\u0161eni nad zaj\u010dki, kozami, lamami, koko\u0161kami, pra\u0161i\u010dem. Vse \u017eivalice smo si lahko od blizu pogledali, pobo\u017eali in seveda tudi nahranili. Na kmetiji pa smo opazili tudi veliko delavskih strojev, ki so navdu\u0161ili predvsem fante. Po ogledu kmetije smo se \u0161e malo podru\u017eili in igralni popoldan zaklju\u010dili s pribolj\u0161kom iz nahrbtnika.<\/p>\n\n\n\n<p>Hvala dru\u017eini Gerdevi\u010d za zanimiv in topel sprejem.<\/p>\n\n\n\n<p>Besedilo in fotografije: Ur\u0161ka Milavec<\/p>\n\n\n\n<p><br><\/p>\n\n\n\n<p><\/p>\n\n\n\n<p><\/p>\n\n\n\n<div class=\"wp-block-buttons is-layout-flex wp-block-buttons-is-layout-flex\">\n<div class=\"wp-block-button\"><a class=\"wp-block-button__link wp-element-button\" href=\"https:\/\/vrtec-sezana.si\/?page_id=13865\">GALERIJA<\/a><\/div>\n<\/div>\n","protected":false},"excerpt":{"rendered":"<p>V Mesecu juniju smo se Pikapolonice skupaj s star\u0161i odpravile na obisk na kmetijo Alpaka ran\u010d Primorska. Na kmetiji nas je pri\u010dakala prijazna gospa, ki nam je razkazala celotno kmetijo in nam povedala marsikaj zanimivega. Otroci so bili navdu\u0161eni nad zaj\u010dki, kozami,&#8230;<\/p>\n","protected":false},"author":24,"featured_media":13860,"comment_status":"closed","ping_status":"closed","sticky":false,"template":"","format":"standard","meta":{"footnotes":""},"categories":[6],"tags":[],"jetpack_featured_media_url":"https:\/\/vrtec-sezana.si\/wp-content\/uploads\/2024\/06\/20240605_173841-scaled.jpg","_links":{"self":[{"href":"https:\/\/vrtec-sezana.si\/index.php?rest_route=\/wp\/v2\/posts\/13863"}],"collection":[{"href":"https:\/\/vrtec-sezana.si\/index.php?rest_route=\/wp\/v2\/posts"}],"about":[{"href":"https:\/\/vrtec-sezana.si\/index.php?rest_route=\/wp\/v2\/types\/post"}],"author":[{"embeddable":true,"href":"https:\/\/vrtec-sezana.si\/index.php?rest_route=\/wp\/v2\/users\/24"}],"replies":[{"embeddable":true,"href":"https:\/\/vrtec-sezana.si\/index.php?rest_route=%2Fwp%2Fv2%2Fcomments&post=13863"}],"version-history":[{"count":2,"href":"https:\/\/vrtec-sezana.si\/index.php?rest_route=\/wp\/v2\/posts\/13863\/revisions"}],"predecessor-version":[{"id":13883,"href":"https:\/\/vrtec-sezana.si\/index.php?rest_route=\/wp\/v2\/posts\/13863\/revisions\/13883"}],"wp:featuredmedia":[{"embeddable":true,"href":"https:\/\/vrtec-sezana.si\/index.php?rest_route=\/wp\/v2\/media\/13860"}],"wp:attachment":[{"href":"https:\/\/vrtec-sezana.si\/index.php?rest_route=%2Fwp%2Fv2%2Fmedia&parent=13863"}],"wp:term":[{"taxonomy":"category","embeddable":true,"href":"https:\/\/vrtec-sezana.si\/index.php?rest_route=%2Fwp%2Fv2%2Fcategories&post=13863"},{"taxonomy":"post_tag","embeddable":true,"href":"https:\/\/vrtec-sezana.si\/index.php?rest_route=%2Fwp%2Fv2%2Ftags&post=13863"}],"curies":[{"name":"wp","href":"https:\/\/api.w.org\/{rel}","templated":true}]}}