{"id":13855,"date":"2024-06-23T11:02:32","date_gmt":"2024-06-23T10:02:32","guid":{"rendered":"https:\/\/vrtec-sezana.si\/?p=13855"},"modified":"2024-06-23T11:02:33","modified_gmt":"2024-06-23T10:02:33","slug":"v-kekcevi-dezeli-4","status":"publish","type":"post","link":"https:\/\/vrtec-sezana.si\/?p=13855","title":{"rendered":"V Kek\u010devi de\u017eeli 4"},"content":{"rendered":"\n<p>Letovanje je prehitro minilo. Polni lepih vtisov smo se vra\u010dali domov, kjer so nas nestrpno \u010dakali star\u0161i.<br>Imeli smo se lepo!<br>Izjave otrok:<br>\u00bbKej jutri gremo \u017ee domov?\u00ab<br>\u00bbJa, jutri je petek, joooj lahko bi \u0161li pojutri\u0161njem!\u00ab<br>\u00bbJs ne bi \u0161e \u0161ou domov.\u00ab<br>\u00bbTa kamen bom nesu domov ku ga odkopam.\u00ab<br>\u00bbPejdi tm, bom vrgu eno deblo.\u00ab<br>\u00bbNajbul\u0161e je blo pi\u017eama parti.\u00ab<br>\u00bbJa, je biu prou \u017eur ceu ve\u010der!\u00ab<br>\u00bbMeni je bilo lepo na reki, ko smo delali kanale.\u00ab<br>\u00bbSmo nardili novo reko Lokav\u010dico.\u00ab<br>\u00bbJe bla prou mrzla voda.\u00ab<br>\u00bbZakaj moramo it \u017ee domov?\u00ab<br>\u00bbKdaj se vrne Bedanec s Prisanka?\u00ab<br>\u00bbJa, tle se bomo danes umili.\u00ab<br>\u00bbGor na Planico je blo miljard, miljon stopnic.\u00ab<br>\u00bbSem \u0161la prav do vrha.\u00ab<\/p>\n\n\n\n<p>Besedilo: Maja Anderli\u010d Mo\u017ee<br>Fotografije: Maja Anderli\u010d Mo\u017ee in Tina Orel<\/p>\n\n\n\n<div class=\"wp-block-buttons is-layout-flex wp-block-buttons-is-layout-flex\">\n<div class=\"wp-block-button\"><a class=\"wp-block-button__link wp-element-button\" href=\"https:\/\/vrtec-sezana.si\/?page_id=13831\">GALERIJA<\/a><\/div>\n<\/div>\n","protected":false},"excerpt":{"rendered":"<p>Letovanje je prehitro minilo. Polni lepih vtisov smo se vra\u010dali domov, kjer so nas nestrpno \u010dakali star\u0161i.Imeli smo se lepo!Izjave otrok:\u00bbKej jutri gremo \u017ee domov?\u00ab\u00bbJa, jutri je petek, joooj lahko bi \u0161li pojutri\u0161njem!\u00ab\u00bbJs ne bi \u0161e \u0161ou domov.\u00ab\u00bbTa kamen bom nesu domov&#8230;<\/p>\n","protected":false},"author":23,"featured_media":13853,"comment_status":"closed","ping_status":"closed","sticky":false,"template":"","format":"standard","meta":{"footnotes":""},"categories":[13],"tags":[],"jetpack_featured_media_url":"https:\/\/vrtec-sezana.si\/wp-content\/uploads\/2024\/06\/0000-10.jpg","_links":{"self":[{"href":"https:\/\/vrtec-sezana.si\/index.php?rest_route=\/wp\/v2\/posts\/13855"}],"collection":[{"href":"https:\/\/vrtec-sezana.si\/index.php?rest_route=\/wp\/v2\/posts"}],"about":[{"href":"https:\/\/vrtec-sezana.si\/index.php?rest_route=\/wp\/v2\/types\/post"}],"author":[{"embeddable":true,"href":"https:\/\/vrtec-sezana.si\/index.php?rest_route=\/wp\/v2\/users\/23"}],"replies":[{"embeddable":true,"href":"https:\/\/vrtec-sezana.si\/index.php?rest_route=%2Fwp%2Fv2%2Fcomments&post=13855"}],"version-history":[{"count":1,"href":"https:\/\/vrtec-sezana.si\/index.php?rest_route=\/wp\/v2\/posts\/13855\/revisions"}],"predecessor-version":[{"id":13856,"href":"https:\/\/vrtec-sezana.si\/index.php?rest_route=\/wp\/v2\/posts\/13855\/revisions\/13856"}],"wp:featuredmedia":[{"embeddable":true,"href":"https:\/\/vrtec-sezana.si\/index.php?rest_route=\/wp\/v2\/media\/13853"}],"wp:attachment":[{"href":"https:\/\/vrtec-sezana.si\/index.php?rest_route=%2Fwp%2Fv2%2Fmedia&parent=13855"}],"wp:term":[{"taxonomy":"category","embeddable":true,"href":"https:\/\/vrtec-sezana.si\/index.php?rest_route=%2Fwp%2Fv2%2Fcategories&post=13855"},{"taxonomy":"post_tag","embeddable":true,"href":"https:\/\/vrtec-sezana.si\/index.php?rest_route=%2Fwp%2Fv2%2Ftags&post=13855"}],"curies":[{"name":"wp","href":"https:\/\/api.w.org\/{rel}","templated":true}]}}