{"id":13775,"date":"2024-06-23T10:45:59","date_gmt":"2024-06-23T09:45:59","guid":{"rendered":"https:\/\/vrtec-sezana.si\/?p=13775"},"modified":"2024-06-23T10:45:59","modified_gmt":"2024-06-23T09:45:59","slug":"v-kekcevi-dezeli-1","status":"publish","type":"post","link":"https:\/\/vrtec-sezana.si\/?p=13775","title":{"rendered":"V Kek\u010devi de\u017eeli 1"},"content":{"rendered":"\n<p>Najstarej\u0161i otroci iz skupine Dinozavri, tisti, ki bodo letos septembra stopili skozi \u0161olska vrata so pre\u017eiveli \u0161tiri \u010dudovite dni na letovanju v Kranjski Gori. Nastanjeni smo bili v vili \u0160umici ob reki Pi\u0161nici.<br>Sre\u010dno smo prispeli v Kranjsko Goro in se udobno namestili v Vili \u0160umici, za katero otroci pravijo, da je najlep\u0161a hi\u0161a na svetu. Po dobrem kosilu smo se odpravili na pohod proti Krnici. Uspelo nam je prepe\u0161a\u010diti skoraj do ko\u010de. Med vra\u010danjem smo se ustavili \u0161e ob reki Pi\u0161nici in se okrep\u010dali z malico. Prehitro je pri\u0161el ve\u010der, pravljica in lahko no\u010d.<\/p>\n\n\n\n<p>Besedilo: Maja Anderli\u010d Mo\u017ee<br>Fotografije: Maja Anderli\u010d Mo\u017ee, Tina Orel<\/p>\n\n\n\n<div class=\"wp-block-buttons is-layout-flex wp-block-buttons-is-layout-flex\">\n<div class=\"wp-block-button\"><a class=\"wp-block-button__link wp-element-button\" href=\"https:\/\/vrtec-sezana.si\/?page_id=13754\">GALERIJA<\/a><\/div>\n<\/div>\n","protected":false},"excerpt":{"rendered":"<p>Najstarej\u0161i otroci iz skupine Dinozavri, tisti, ki bodo letos septembra stopili skozi \u0161olska vrata so pre\u017eiveli \u0161tiri \u010dudovite dni na letovanju v Kranjski Gori. Nastanjeni smo bili v vili \u0160umici ob reki Pi\u0161nici.Sre\u010dno smo prispeli v Kranjsko Goro in se udobno namestili&#8230;<\/p>\n","protected":false},"author":23,"featured_media":13773,"comment_status":"closed","ping_status":"closed","sticky":false,"template":"","format":"standard","meta":{"footnotes":""},"categories":[13],"tags":[],"jetpack_featured_media_url":"https:\/\/vrtec-sezana.si\/wp-content\/uploads\/2024\/06\/0000-6-scaled.jpg","_links":{"self":[{"href":"https:\/\/vrtec-sezana.si\/index.php?rest_route=\/wp\/v2\/posts\/13775"}],"collection":[{"href":"https:\/\/vrtec-sezana.si\/index.php?rest_route=\/wp\/v2\/posts"}],"about":[{"href":"https:\/\/vrtec-sezana.si\/index.php?rest_route=\/wp\/v2\/types\/post"}],"author":[{"embeddable":true,"href":"https:\/\/vrtec-sezana.si\/index.php?rest_route=\/wp\/v2\/users\/23"}],"replies":[{"embeddable":true,"href":"https:\/\/vrtec-sezana.si\/index.php?rest_route=%2Fwp%2Fv2%2Fcomments&post=13775"}],"version-history":[{"count":1,"href":"https:\/\/vrtec-sezana.si\/index.php?rest_route=\/wp\/v2\/posts\/13775\/revisions"}],"predecessor-version":[{"id":13777,"href":"https:\/\/vrtec-sezana.si\/index.php?rest_route=\/wp\/v2\/posts\/13775\/revisions\/13777"}],"wp:featuredmedia":[{"embeddable":true,"href":"https:\/\/vrtec-sezana.si\/index.php?rest_route=\/wp\/v2\/media\/13773"}],"wp:attachment":[{"href":"https:\/\/vrtec-sezana.si\/index.php?rest_route=%2Fwp%2Fv2%2Fmedia&parent=13775"}],"wp:term":[{"taxonomy":"category","embeddable":true,"href":"https:\/\/vrtec-sezana.si\/index.php?rest_route=%2Fwp%2Fv2%2Fcategories&post=13775"},{"taxonomy":"post_tag","embeddable":true,"href":"https:\/\/vrtec-sezana.si\/index.php?rest_route=%2Fwp%2Fv2%2Ftags&post=13775"}],"curies":[{"name":"wp","href":"https:\/\/api.w.org\/{rel}","templated":true}]}}