{"id":13201,"date":"2024-06-11T13:50:25","date_gmt":"2024-06-11T12:50:25","guid":{"rendered":"https:\/\/vrtec-sezana.si\/?p=13201"},"modified":"2024-06-11T13:55:32","modified_gmt":"2024-06-11T12:55:32","slug":"fit-pohod-v-sveto","status":"publish","type":"post","link":"https:\/\/vrtec-sezana.si\/?p=13201","title":{"rendered":"FIT pohod v Sveto"},"content":{"rendered":"\n<p>Gibanje je del vsakdana. &nbsp;Da ostajamo Fit, izvedemo v skupini tudi FIT pohod. V petek, 7.6 smo se odpravili proti Svetemu. Po gozdnih poteh, mimo blatnih lu\u017e ter nato po cesti smo veselo korakali proti zadanemu cilju. Med potjo smo prisluhnili pridnim \u010debelam, ki so nabirale cvetni prah, in pogovoru ptic, ki so \u017egolele med drevesi. Ustavili smo se pod mogo\u010dno lipo, ki nam je nudila senco in hlad. Okrep\u010dali smo se z vodo iz nahrbtnika. Ko smo hodili po Svetem, smo sre\u010dali tudi mamico fantka iz skupine. Vsakemu otroku je dala posladek. Otroci so ga bili zelo veseli. Pot smo nadaljevali po gozdni poti, ki nas je pripeljala do ceste proti \u0160krbini. \u0160e malo smo od\u0161li po cesti in nato po travniku, polnem ro\u017e, zakorakali proti vrtcu.<\/p>\n\n\n\n<p>Otroci so bili vidno utrujeni, a veseli, da jim je uspelo osvojiti \u0161e eno kra\u0161ko vasico.<\/p>\n\n\n\n<p>Besedilo: Danjela Ron\u010del<\/p>\n\n\n\n<p>Fotografija: Danjela Ron\u010del<\/p>\n\n\n\n<div class=\"wp-block-buttons is-layout-flex wp-block-buttons-is-layout-flex\">\n<div class=\"wp-block-button\"><a class=\"wp-block-button__link wp-element-button\" href=\"https:\/\/vrtec-sezana.si\/?page_id=13195\">GALERIJA<\/a><\/div>\n<\/div>\n","protected":false},"excerpt":{"rendered":"<p>Gibanje je del vsakdana. &nbsp;Da ostajamo Fit, izvedemo v skupini tudi FIT pohod. V petek, 7.6 smo se odpravili proti Svetemu. Po gozdnih poteh, mimo blatnih lu\u017e ter nato po cesti smo veselo korakali proti zadanemu cilju. Med potjo smo prisluhnili pridnim&#8230;<\/p>\n","protected":false},"author":32,"featured_media":13205,"comment_status":"closed","ping_status":"closed","sticky":false,"template":"","format":"standard","meta":{"footnotes":""},"categories":[12],"tags":[],"jetpack_featured_media_url":"https:\/\/vrtec-sezana.si\/wp-content\/uploads\/2024\/06\/POHOD.webp","_links":{"self":[{"href":"https:\/\/vrtec-sezana.si\/index.php?rest_route=\/wp\/v2\/posts\/13201"}],"collection":[{"href":"https:\/\/vrtec-sezana.si\/index.php?rest_route=\/wp\/v2\/posts"}],"about":[{"href":"https:\/\/vrtec-sezana.si\/index.php?rest_route=\/wp\/v2\/types\/post"}],"author":[{"embeddable":true,"href":"https:\/\/vrtec-sezana.si\/index.php?rest_route=\/wp\/v2\/users\/32"}],"replies":[{"embeddable":true,"href":"https:\/\/vrtec-sezana.si\/index.php?rest_route=%2Fwp%2Fv2%2Fcomments&post=13201"}],"version-history":[{"count":1,"href":"https:\/\/vrtec-sezana.si\/index.php?rest_route=\/wp\/v2\/posts\/13201\/revisions"}],"predecessor-version":[{"id":13203,"href":"https:\/\/vrtec-sezana.si\/index.php?rest_route=\/wp\/v2\/posts\/13201\/revisions\/13203"}],"wp:featuredmedia":[{"embeddable":true,"href":"https:\/\/vrtec-sezana.si\/index.php?rest_route=\/wp\/v2\/media\/13205"}],"wp:attachment":[{"href":"https:\/\/vrtec-sezana.si\/index.php?rest_route=%2Fwp%2Fv2%2Fmedia&parent=13201"}],"wp:term":[{"taxonomy":"category","embeddable":true,"href":"https:\/\/vrtec-sezana.si\/index.php?rest_route=%2Fwp%2Fv2%2Fcategories&post=13201"},{"taxonomy":"post_tag","embeddable":true,"href":"https:\/\/vrtec-sezana.si\/index.php?rest_route=%2Fwp%2Fv2%2Ftags&post=13201"}],"curies":[{"name":"wp","href":"https:\/\/api.w.org\/{rel}","templated":true}]}}