{"id":13124,"date":"2024-06-10T13:00:55","date_gmt":"2024-06-10T12:00:55","guid":{"rendered":"https:\/\/vrtec-sezana.si\/?p=13124"},"modified":"2024-06-10T13:02:19","modified_gmt":"2024-06-10T12:02:19","slug":"preko-igre-smo-spoznavali-barve","status":"publish","type":"post","link":"https:\/\/vrtec-sezana.si\/?p=13124","title":{"rendered":"Preko igre smo spoznavali barve"},"content":{"rendered":"\n<p>Kak\u0161na je ta barva? Ta je rde\u010da? Zaradi tak\u0161nih vpra\u0161anj smo se podali v svet barv in jih spoznavali v mesecu aprilu, maju in juniju v skupini Ra\u010dk.<\/p>\n\n\n\n<p>Uvod v sklop je bila pravljica o \u00bbTreh metuljih\u00ab. Spoznali smo belo, rde\u010do in rumeno barvo ter povezovali ro\u017eice z metulji. Kasneje smo spoznali pravljico \u00bbRjavi medved kaj vidi\u0161\u00ab. Prirejali smo \u017eivali iz pravljice z barvnimi krogi in pripovedovali ob pripovedovalni kocki.<\/p>\n\n\n\n<p>Imeli smo modri, zeleni, rde\u010di in rumeni dan. Ta dan so se otroci igrali le z igra\u010dami v dolo\u010deni barvi. Razvr\u0161\u010dali smo igra\u010de v obro\u010de in posode ter slikali z osnovnimi barvami.<\/p>\n\n\n\n<p>Veliko smo peli, telovadili, se razgibavali z barvnimi trakovi, plesali in se gibali na sve\u017eem zraku.<\/p>\n\n\n\n<p>Besedilo: Katarina \u010cernigoj<\/p>\n\n\n\n<p>Fotografija: Katarina \u010cernigoj<\/p>\n\n\n\n<div class=\"wp-block-buttons is-layout-flex wp-block-buttons-is-layout-flex\">\n<div class=\"wp-block-button\"><a class=\"wp-block-button__link wp-element-button\" href=\"https:\/\/vrtec-sezana.si\/?page_id=13106\">GALERIJA<\/a><\/div>\n<\/div>\n","protected":false},"excerpt":{"rendered":"<p>Kak\u0161na je ta barva? Ta je rde\u010da? Zaradi tak\u0161nih vpra\u0161anj smo se podali v svet barv in jih spoznavali v mesecu aprilu, maju in juniju v skupini Ra\u010dk. Uvod v sklop je bila pravljica o \u00bbTreh metuljih\u00ab. Spoznali smo belo, rde\u010do in&#8230;<\/p>\n","protected":false},"author":16,"featured_media":13125,"comment_status":"closed","ping_status":"open","sticky":false,"template":"","format":"standard","meta":{"footnotes":""},"categories":[15],"tags":[],"jetpack_featured_media_url":"https:\/\/vrtec-sezana.si\/wp-content\/uploads\/2024\/06\/priljubljene-barve-720x340-1.jpg","_links":{"self":[{"href":"https:\/\/vrtec-sezana.si\/index.php?rest_route=\/wp\/v2\/posts\/13124"}],"collection":[{"href":"https:\/\/vrtec-sezana.si\/index.php?rest_route=\/wp\/v2\/posts"}],"about":[{"href":"https:\/\/vrtec-sezana.si\/index.php?rest_route=\/wp\/v2\/types\/post"}],"author":[{"embeddable":true,"href":"https:\/\/vrtec-sezana.si\/index.php?rest_route=\/wp\/v2\/users\/16"}],"replies":[{"embeddable":true,"href":"https:\/\/vrtec-sezana.si\/index.php?rest_route=%2Fwp%2Fv2%2Fcomments&post=13124"}],"version-history":[{"count":2,"href":"https:\/\/vrtec-sezana.si\/index.php?rest_route=\/wp\/v2\/posts\/13124\/revisions"}],"predecessor-version":[{"id":13127,"href":"https:\/\/vrtec-sezana.si\/index.php?rest_route=\/wp\/v2\/posts\/13124\/revisions\/13127"}],"wp:featuredmedia":[{"embeddable":true,"href":"https:\/\/vrtec-sezana.si\/index.php?rest_route=\/wp\/v2\/media\/13125"}],"wp:attachment":[{"href":"https:\/\/vrtec-sezana.si\/index.php?rest_route=%2Fwp%2Fv2%2Fmedia&parent=13124"}],"wp:term":[{"taxonomy":"category","embeddable":true,"href":"https:\/\/vrtec-sezana.si\/index.php?rest_route=%2Fwp%2Fv2%2Fcategories&post=13124"},{"taxonomy":"post_tag","embeddable":true,"href":"https:\/\/vrtec-sezana.si\/index.php?rest_route=%2Fwp%2Fv2%2Ftags&post=13124"}],"curies":[{"name":"wp","href":"https:\/\/api.w.org\/{rel}","templated":true}]}}