{"id":12915,"date":"2024-06-04T16:27:49","date_gmt":"2024-06-04T15:27:49","guid":{"rendered":"https:\/\/vrtec-sezana.si\/?p=12915"},"modified":"2024-06-04T16:27:50","modified_gmt":"2024-06-04T15:27:50","slug":"skupina-metuljcki","status":"publish","type":"post","link":"https:\/\/vrtec-sezana.si\/?p=12915","title":{"rendered":"Skupina Metulj\u010dki"},"content":{"rendered":"\n<p>V aprilu se je v enoti Hrpelje odprla nova polovi\u010dna skupina \u2013 Metulj\u010dki.<\/p>\n\n\n\n<p>V skupini nas je \u0161est \u2013 tri deklice in trije de\u010dki. Ker smo \u0161e majhni, se veliko crkljamo in pestujemo, pa tudi pojemo in ple\u0161emo ob glasbi. Veliko se igramo &#8211; kartonaste \u0161katle postanejo tunel, skozi katerega se plazimo, v ve\u010dnamenskem prostoru plezamo po blazinah, se igramo z obro\u010di in \u017eogami. Na sosednji terasi vozimo vozila, na igri\u0161\u010du pa ob\u010dudujemo cvetlice.<\/p>\n\n\n\n<p>Tudi ustvarjali smo \u017ee z vo\u0161\u010denkami in barvicami. Kako smo se imeli lepo, ko smo ob dnevu Zemlje ustvarili z vo\u0161\u010denkami svoje drevo na ro\u010dno izdelanem papirju!<\/p>\n\n\n\n<p>Imamo tudi knjige \u2013 kartonke. Listamo jih in se ob njih pogovarjamo &#8211; spoznavamo \u017eivali, njihove barve in njihovo ogla\u0161anje. \u010ce smo bili na za\u010detku nerodni pri listanju kartonk, smo sedaj \u017ee zelo spretni!&nbsp; Igramo se tudi bibarije in po\u010dnemo \u0161e mnogo zanimivih stvari.<\/p>\n\n\n\n<p>Nekateri smo v vrtcu praznovali prvi rojstni dan, naredili prve korake in izgovorili prve besede. V\u010dasih nam tudi prite\u010de kak\u0161na solzica, ampak se hitro posu\u0161i, ker se v vrtcu dogaja veliko zabavnih stvari.<\/p>\n\n\n\n<p>Besedilo: Monika Samec<\/p>\n\n\n\n<p>Fotografije: Monika Samec in Lana Grk<\/p>\n\n\n\n<p><\/p>\n\n\n\n<div class=\"wp-block-buttons is-layout-flex wp-block-buttons-is-layout-flex\">\n<div class=\"wp-block-button\"><a class=\"wp-block-button__link wp-element-button\" href=\"https:\/\/vrtec-sezana.si\/?page_id=12893\">GALERIJA<\/a><\/div>\n<\/div>\n","protected":false},"excerpt":{"rendered":"<p>V aprilu se je v enoti Hrpelje odprla nova polovi\u010dna skupina \u2013 Metulj\u010dki. V skupini nas je \u0161est \u2013 tri deklice in trije de\u010dki. Ker smo \u0161e majhni, se veliko crkljamo in pestujemo, pa tudi pojemo in ple\u0161emo ob glasbi. Veliko se&#8230;<\/p>\n","protected":false},"author":10,"featured_media":12916,"comment_status":"closed","ping_status":"closed","sticky":false,"template":"","format":"standard","meta":{"footnotes":""},"categories":[10],"tags":[],"jetpack_featured_media_url":"https:\/\/vrtec-sezana.si\/wp-content\/uploads\/2024\/06\/metulj.png","_links":{"self":[{"href":"https:\/\/vrtec-sezana.si\/index.php?rest_route=\/wp\/v2\/posts\/12915"}],"collection":[{"href":"https:\/\/vrtec-sezana.si\/index.php?rest_route=\/wp\/v2\/posts"}],"about":[{"href":"https:\/\/vrtec-sezana.si\/index.php?rest_route=\/wp\/v2\/types\/post"}],"author":[{"embeddable":true,"href":"https:\/\/vrtec-sezana.si\/index.php?rest_route=\/wp\/v2\/users\/10"}],"replies":[{"embeddable":true,"href":"https:\/\/vrtec-sezana.si\/index.php?rest_route=%2Fwp%2Fv2%2Fcomments&post=12915"}],"version-history":[{"count":1,"href":"https:\/\/vrtec-sezana.si\/index.php?rest_route=\/wp\/v2\/posts\/12915\/revisions"}],"predecessor-version":[{"id":12917,"href":"https:\/\/vrtec-sezana.si\/index.php?rest_route=\/wp\/v2\/posts\/12915\/revisions\/12917"}],"wp:featuredmedia":[{"embeddable":true,"href":"https:\/\/vrtec-sezana.si\/index.php?rest_route=\/wp\/v2\/media\/12916"}],"wp:attachment":[{"href":"https:\/\/vrtec-sezana.si\/index.php?rest_route=%2Fwp%2Fv2%2Fmedia&parent=12915"}],"wp:term":[{"taxonomy":"category","embeddable":true,"href":"https:\/\/vrtec-sezana.si\/index.php?rest_route=%2Fwp%2Fv2%2Fcategories&post=12915"},{"taxonomy":"post_tag","embeddable":true,"href":"https:\/\/vrtec-sezana.si\/index.php?rest_route=%2Fwp%2Fv2%2Ftags&post=12915"}],"curies":[{"name":"wp","href":"https:\/\/api.w.org\/{rel}","templated":true}]}}