{"id":12563,"date":"2024-05-28T16:02:49","date_gmt":"2024-05-28T15:02:49","guid":{"rendered":"https:\/\/vrtec-sezana.si\/?p=12563"},"modified":"2024-05-28T16:02:49","modified_gmt":"2024-05-28T15:02:49","slug":"pohod-do-kala-skupina-lisicke","status":"publish","type":"post","link":"https:\/\/vrtec-sezana.si\/?p=12563","title":{"rendered":"Pohod do kala (skupina Lisi\u010dke)"},"content":{"rendered":"\n<p>V mesecu maju smo imeli v skupini Lisi\u010dke tretje sre\u010danje s star\u0161i \u2013 pohod do kala. Ob prihajanju otrok in star\u0161ev v vrtec nam je \u010disto malo ponagajalo vreme.&nbsp; Ob&nbsp; rahlem&nbsp; rosenju se je sonce odlo\u010dilo , da bo pregnalo de\u017ene oblake in je toplo posijalo na zemljo. Skupaj smo se odlo\u010dili , da gremo na pohod do kala v Hrpeljah. Z nahrbtniki in de\u017eniki smo se v objemu osve\u017eenega&nbsp; popoldneva pogumno odpravili. Otroci , star\u0161i in midve smo veselo klepetali, poslu\u0161ali \u017evrgolenje ptic, opazovali prelepo naravo, ko smo hodili proti kalu. Tudi kamni in kamen\u010dki niso ustavili drobnih no\u017eic , ki so drobencljale odlo\u010dno po gozdni poti. Pri kalu smo se ustavili, otroci so se poigrali s kamen\u010dki, palicami, opazovali \u017eabe, pajke in paglavce v kalu. Veselo smo se \u010dez nekaj \u010dasa odpravili nazaj proti vrtcu, kjer so se otroci okrep\u010dali s \u010dajem in pi\u0161koti na vrt\u010devski terasi. Poigrali so se \u0161e s poganjalci, se smejali, klepetali in kmalu je bila ura za odhod&nbsp; domov&nbsp; in pripravo na ve\u010derjo in zaslu\u017eeno spanje.&nbsp; Bilo nam je lepo in komaj \u010dakamo \u0161e zadnje dru\u017eenje.<\/p>\n\n\n\n<p>Besedilo: Tadeja Cizl<\/p>\n\n\n\n<p>Fotografije : Mateja Dodi\u010d<\/p>\n\n\n\n<p><\/p>\n\n\n\n<div class=\"wp-block-buttons is-layout-flex wp-block-buttons-is-layout-flex\">\n<div class=\"wp-block-button\"><a class=\"wp-block-button__link wp-element-button\" href=\"https:\/\/vrtec-sezana.si\/?page_id=12556\">GALERIJA<\/a><\/div>\n<\/div>\n","protected":false},"excerpt":{"rendered":"<p>V mesecu maju smo imeli v skupini Lisi\u010dke tretje sre\u010danje s star\u0161i \u2013 pohod do kala. Ob prihajanju otrok in star\u0161ev v vrtec nam je \u010disto malo ponagajalo vreme.&nbsp; Ob&nbsp; rahlem&nbsp; rosenju se je sonce odlo\u010dilo , da bo pregnalo de\u017ene oblake&#8230;<\/p>\n","protected":false},"author":10,"featured_media":12564,"comment_status":"closed","ping_status":"closed","sticky":false,"template":"","format":"standard","meta":{"footnotes":""},"categories":[10],"tags":[],"jetpack_featured_media_url":"https:\/\/vrtec-sezana.si\/wp-content\/uploads\/2024\/05\/hrpeljski-kal.jpg","_links":{"self":[{"href":"https:\/\/vrtec-sezana.si\/index.php?rest_route=\/wp\/v2\/posts\/12563"}],"collection":[{"href":"https:\/\/vrtec-sezana.si\/index.php?rest_route=\/wp\/v2\/posts"}],"about":[{"href":"https:\/\/vrtec-sezana.si\/index.php?rest_route=\/wp\/v2\/types\/post"}],"author":[{"embeddable":true,"href":"https:\/\/vrtec-sezana.si\/index.php?rest_route=\/wp\/v2\/users\/10"}],"replies":[{"embeddable":true,"href":"https:\/\/vrtec-sezana.si\/index.php?rest_route=%2Fwp%2Fv2%2Fcomments&post=12563"}],"version-history":[{"count":1,"href":"https:\/\/vrtec-sezana.si\/index.php?rest_route=\/wp\/v2\/posts\/12563\/revisions"}],"predecessor-version":[{"id":12565,"href":"https:\/\/vrtec-sezana.si\/index.php?rest_route=\/wp\/v2\/posts\/12563\/revisions\/12565"}],"wp:featuredmedia":[{"embeddable":true,"href":"https:\/\/vrtec-sezana.si\/index.php?rest_route=\/wp\/v2\/media\/12564"}],"wp:attachment":[{"href":"https:\/\/vrtec-sezana.si\/index.php?rest_route=%2Fwp%2Fv2%2Fmedia&parent=12563"}],"wp:term":[{"taxonomy":"category","embeddable":true,"href":"https:\/\/vrtec-sezana.si\/index.php?rest_route=%2Fwp%2Fv2%2Fcategories&post=12563"},{"taxonomy":"post_tag","embeddable":true,"href":"https:\/\/vrtec-sezana.si\/index.php?rest_route=%2Fwp%2Fv2%2Ftags&post=12563"}],"curies":[{"name":"wp","href":"https:\/\/api.w.org\/{rel}","templated":true}]}}