{"id":12425,"date":"2024-05-22T18:28:12","date_gmt":"2024-05-22T17:28:12","guid":{"rendered":"https:\/\/vrtec-sezana.si\/?p=12425"},"modified":"2024-05-22T18:28:12","modified_gmt":"2024-05-22T17:28:12","slug":"otroci-skupine-murencki-smo-prespali-v-vrtcu","status":"publish","type":"post","link":"https:\/\/vrtec-sezana.si\/?p=12425","title":{"rendered":"Otroci skupine Muren\u010dki smo prespali v vrtcu"},"content":{"rendered":"\n<p>Tudi otroci skupine Muren\u010dki smo pred zaklju\u010dkom obiskovanja vrtca po tradiciji prespali v na\u0161em vrtcu. Kljub temu, da vsi otroci \u0161e ne odhajajo v \u0161olo, smo v vrtcu preno\u010dili prav vsi brez izjem. S projektom \u00bbSpanje v vrtcu\u00ab smo se nekako tudi pripravili na letovanje v Kranjski Gori, ki nas \u0161e \u010daka. \u017de pred tem dnem smo se skozi \u0161tevilne pogovore, izdelavo plakatov in preko igre dodobra pripravili na no\u010d brez star\u0161ev, zato tudi ve\u010djih te\u017eav ni bilo. Otroci so te\u017eko pri\u010dakovali ta dan in z navdu\u0161enjem pripovedovali, kaj vse so si pripravili za no\u010ditev. Ob 19. uri zve\u010der so se skupaj s star\u0161i zbrali v na\u0161i igralnici, kjer so poiskali svoje le\u017ealnike in pr\u00e9dnje odlo\u017eili svojo prtljago. Sledilo je kratko slovo, mi pa smo se prepustili \u010darobnosti prihajajo\u010de no\u010di. Ve\u010der smo popestrili s sladoledom, igro na igri\u0161\u010du vrtca in \u017ee kmalu zatem smo v pi\u017eamah skakljali v popolni temi ter z lu\u010dkami raziskovali no\u010dni vrtec. Ker smo imeli \u0161e nekaj energije, smo pripravili ve\u010derno zabavo s plesom in glasbo ter si \u010disto ob koncu zavrteli \u0161e nekaj risank. No\u010d ima svojo mo\u010d in o\u010di so postajale vedno bolj zaspane, a \u0161e preden smo od\u0161li v na\u0161o \u00bbspalnico\u00ab, smo si v kopalnici umili zobe. V spanec nas je kon\u010dno zazibala pravljica o Fran\u010dku. No\u010d je bila mirna in kot bi mignil, se je \u017ee danilo. Jutranje prebujanje so poleg krme\u017eljevih o\u010di zaznamovali \u0161iroki nasme\u0161ki in ponos, saj smo v vrtcu prespali brez star\u0161ev. \u0160e pred zajtrkom so nas pri\u0161li pozdravit zadovoljni in ravno tako ponosni star\u0161i, ki so svoje otroke z toplim objemom nagradili za njihov pogum. Otroci so ob odhodu domov prejeli tudi priznanja za uspe\u0161no prespano no\u010d. &nbsp;<\/p>\n\n\n\n<p>Besedilo: Tamara Mavri\u010d<\/p>\n\n\n\n<p>Fotografije: Karmen Petrovi\u010d<\/p>\n\n\n\n<p><\/p>\n\n\n\n<div class=\"wp-block-buttons is-layout-flex wp-block-buttons-is-layout-flex\">\n<div class=\"wp-block-button\"><a class=\"wp-block-button__link wp-element-button\" href=\"https:\/\/vrtec-sezana.si\/?page_id=12405\">GALERIJA<\/a><\/div>\n<\/div>\n","protected":false},"excerpt":{"rendered":"<p>Tudi otroci skupine Muren\u010dki smo pred zaklju\u010dkom obiskovanja vrtca po tradiciji prespali v na\u0161em vrtcu. Kljub temu, da vsi otroci \u0161e ne odhajajo v \u0161olo, smo v vrtcu preno\u010dili prav vsi brez izjem. S projektom \u00bbSpanje v vrtcu\u00ab smo se nekako tudi&#8230;<\/p>\n","protected":false},"author":10,"featured_media":12426,"comment_status":"closed","ping_status":"closed","sticky":false,"template":"","format":"standard","meta":{"footnotes":""},"categories":[10],"tags":[],"jetpack_featured_media_url":"https:\/\/vrtec-sezana.si\/wp-content\/uploads\/2024\/05\/depositphotos_43545167-stock-illustration-a-young-boy-sleeping.webp","_links":{"self":[{"href":"https:\/\/vrtec-sezana.si\/index.php?rest_route=\/wp\/v2\/posts\/12425"}],"collection":[{"href":"https:\/\/vrtec-sezana.si\/index.php?rest_route=\/wp\/v2\/posts"}],"about":[{"href":"https:\/\/vrtec-sezana.si\/index.php?rest_route=\/wp\/v2\/types\/post"}],"author":[{"embeddable":true,"href":"https:\/\/vrtec-sezana.si\/index.php?rest_route=\/wp\/v2\/users\/10"}],"replies":[{"embeddable":true,"href":"https:\/\/vrtec-sezana.si\/index.php?rest_route=%2Fwp%2Fv2%2Fcomments&post=12425"}],"version-history":[{"count":1,"href":"https:\/\/vrtec-sezana.si\/index.php?rest_route=\/wp\/v2\/posts\/12425\/revisions"}],"predecessor-version":[{"id":12427,"href":"https:\/\/vrtec-sezana.si\/index.php?rest_route=\/wp\/v2\/posts\/12425\/revisions\/12427"}],"wp:featuredmedia":[{"embeddable":true,"href":"https:\/\/vrtec-sezana.si\/index.php?rest_route=\/wp\/v2\/media\/12426"}],"wp:attachment":[{"href":"https:\/\/vrtec-sezana.si\/index.php?rest_route=%2Fwp%2Fv2%2Fmedia&parent=12425"}],"wp:term":[{"taxonomy":"category","embeddable":true,"href":"https:\/\/vrtec-sezana.si\/index.php?rest_route=%2Fwp%2Fv2%2Fcategories&post=12425"},{"taxonomy":"post_tag","embeddable":true,"href":"https:\/\/vrtec-sezana.si\/index.php?rest_route=%2Fwp%2Fv2%2Ftags&post=12425"}],"curies":[{"name":"wp","href":"https:\/\/api.w.org\/{rel}","templated":true}]}}