{"id":12377,"date":"2024-05-22T18:15:32","date_gmt":"2024-05-22T17:15:32","guid":{"rendered":"https:\/\/vrtec-sezana.si\/?p=12377"},"modified":"2024-05-22T18:15:32","modified_gmt":"2024-05-22T17:15:32","slug":"obisk-medicinske-sestre-v-skupini-lisicke","status":"publish","type":"post","link":"https:\/\/vrtec-sezana.si\/?p=12377","title":{"rendered":"Obisk medicinske sestre v skupini Lisi\u010dke"},"content":{"rendered":"\n<p>Ko otrok zboli, je to zanj zagotovo travmati\u010dno in stresno, \u0161e posebej, \u010de morajo obiskati svojega pediatra. Poleg tega, da se ne po\u010dutijo dobro, se morajo&nbsp; soo\u010diti s tujo osebo \u2013 zdravnikom in drugim medicinskim osebjem ter medicinskimi pripomo\u010dki.<\/p>\n\n\n\n<p>Da bi otroci la\u017eje premagovali&nbsp; strah pred zdravnikom se izvaja poseben program. Vrtce obiskuje medicinska sestra. Tako je tudi otroke&nbsp; iz skupine Lisi\u010dke&nbsp; obiskala medicinska sestra, Ana Furlan.&nbsp; Namen obiska je bil otrokom predstaviti razli\u010dne medicinske pripomo\u010dke, s katerimi se soo\u010dajo mal\u010dki, ko so bolni in morajo obiskati zdravnika.&nbsp; Z njo je pri\u0161la v skupino tudi lutka pun\u010dka, ki je padla in si opraskala kolena. Skupaj smo ji zalepili obli\u017ee.&nbsp; Otroci so pun\u010dko prijeli in ji popihali kolena, da jo je manj bolelo.&nbsp; S stetoskom je Ana poslu\u0161ala sr\u010dek otroka, z lu\u010dko je posvetila v u\u0161esa, pogledala grlo in pre\u0161tela zobke. Otrokom je pokazala tudi injekcijo. Najpogumnej\u0161i so ji sedli v naro\u010dje in se pustili pregledati. Malo manj pogumni pa so trdno sedeli na svojem stol\u010dku. Obisk medicinske sestre Ane je bil pou\u010den&nbsp; in zagotovo jo bomo \u0161e povabili medse.<\/p>\n\n\n\n<p>Besedilo: Tadeja Cizl<\/p>\n\n\n\n<p>Fotografije: Mateja Dodi\u010d<\/p>\n\n\n\n<p><\/p>\n\n\n\n<div class=\"wp-block-buttons is-layout-flex wp-block-buttons-is-layout-flex\">\n<div class=\"wp-block-button\"><a class=\"wp-block-button__link wp-element-button\" href=\"https:\/\/vrtec-sezana.si\/?page_id=12364\">GALERIJA<\/a><\/div>\n<\/div>\n","protected":false},"excerpt":{"rendered":"<p>Ko otrok zboli, je to zanj zagotovo travmati\u010dno in stresno, \u0161e posebej, \u010de morajo obiskati svojega pediatra. Poleg tega, da se ne po\u010dutijo dobro, se morajo&nbsp; soo\u010diti s tujo osebo \u2013 zdravnikom in drugim medicinskim osebjem ter medicinskimi pripomo\u010dki. Da bi otroci&#8230;<\/p>\n","protected":false},"author":10,"featured_media":12378,"comment_status":"closed","ping_status":"closed","sticky":false,"template":"","format":"standard","meta":{"footnotes":""},"categories":[10],"tags":[],"jetpack_featured_media_url":"https:\/\/vrtec-sezana.si\/wp-content\/uploads\/2024\/05\/otrok-pri-zdravniku.jpg","_links":{"self":[{"href":"https:\/\/vrtec-sezana.si\/index.php?rest_route=\/wp\/v2\/posts\/12377"}],"collection":[{"href":"https:\/\/vrtec-sezana.si\/index.php?rest_route=\/wp\/v2\/posts"}],"about":[{"href":"https:\/\/vrtec-sezana.si\/index.php?rest_route=\/wp\/v2\/types\/post"}],"author":[{"embeddable":true,"href":"https:\/\/vrtec-sezana.si\/index.php?rest_route=\/wp\/v2\/users\/10"}],"replies":[{"embeddable":true,"href":"https:\/\/vrtec-sezana.si\/index.php?rest_route=%2Fwp%2Fv2%2Fcomments&post=12377"}],"version-history":[{"count":1,"href":"https:\/\/vrtec-sezana.si\/index.php?rest_route=\/wp\/v2\/posts\/12377\/revisions"}],"predecessor-version":[{"id":12379,"href":"https:\/\/vrtec-sezana.si\/index.php?rest_route=\/wp\/v2\/posts\/12377\/revisions\/12379"}],"wp:featuredmedia":[{"embeddable":true,"href":"https:\/\/vrtec-sezana.si\/index.php?rest_route=\/wp\/v2\/media\/12378"}],"wp:attachment":[{"href":"https:\/\/vrtec-sezana.si\/index.php?rest_route=%2Fwp%2Fv2%2Fmedia&parent=12377"}],"wp:term":[{"taxonomy":"category","embeddable":true,"href":"https:\/\/vrtec-sezana.si\/index.php?rest_route=%2Fwp%2Fv2%2Fcategories&post=12377"},{"taxonomy":"post_tag","embeddable":true,"href":"https:\/\/vrtec-sezana.si\/index.php?rest_route=%2Fwp%2Fv2%2Ftags&post=12377"}],"curies":[{"name":"wp","href":"https:\/\/api.w.org\/{rel}","templated":true}]}}