{"id":1226,"date":"2023-10-11T10:15:00","date_gmt":"2023-10-11T09:15:00","guid":{"rendered":"http:\/\/977.ablak.arnes.si\/?p=1226"},"modified":"2024-02-21T14:17:36","modified_gmt":"2024-02-21T13:17:36","slug":"prejeli-smo-nagrado","status":"publish","type":"post","link":"https:\/\/vrtec-sezana.si\/?p=1226","title":{"rendered":"PREJELI SMO NAGRADO"},"content":{"rendered":"\n<p>V mesecu maju se je vrtec Lokev prijavil za sodelovanje v akciji \u00bbSe\u017eana v cvetju\u00ab.<br>Vsi v enoti so se trudili, da so uredili in vzdr\u017eevali okolico.<br>Okna vrtca krasijo cvetli\u010dna korita s \u010dudovitimi ro\u017eami, na zelenjavni gredici pa rastejo&nbsp; pridelki, za katere so sadike vzgojili \u010disto sami. V koti\u010dkih igri\u0161\u010da najdete \u0161e jesenski koti\u010dek, pravlji\u010dno hi\u0161ico na drevesu in zeli\u0161\u010dni vrt.<br>Komisija, ki je bila na ogledu je prepoznala trud strokovnih delavk Gabrijele Kocjan\u010di\u010d, Nives Jagodi\u010d, Laure Godina in otrok ter lepo okolico in vrtcu Lokev podelila 2 nagrado, katera nam je bila podeljena v za\u010detku septembra, na slavnostni prireditvi v botani\u010dnem vrtu v Se\u017eani.<br>Nova ekipa vrtca Lokev: Maja Anderli\u010d Mo\u017ee, Tina Orel, Nada Ma\u010dinkovi\u0107 in Nives Jagodi\u010d ter vsi otroci se bodo \u0161e naprej trudili za lep in urejen vrtec, cvetli\u010dna korita, gredice, zeli\u0161\u010dni vrt, pravlji\u010dno hi\u0161ico in&nbsp; visoko gredo, ki bodo vsem v ponos.<\/p>\n\n\n\n<p>Besedilo: Maja Anderli\u010d Mo\u017ee<br>Fotografije: Maja Anderli\u010d Mo\u017ee<\/p>\n\n\n\n<div class=\"wp-block-buttons is-layout-flex wp-block-buttons-is-layout-flex\">\n<div class=\"wp-block-button\"><a class=\"wp-block-button__link wp-element-button\" href=\"https:\/\/vrtec-sezana.si\/?page_id=1317\">GALERIJA<\/a><\/div>\n<\/div>\n","protected":false},"excerpt":{"rendered":"<p>V mesecu maju se je vrtec Lokev prijavil za sodelovanje v akciji \u00bbSe\u017eana v cvetju\u00ab.Vsi v enoti so se trudili, da so uredili in vzdr\u017eevali okolico.Okna vrtca krasijo cvetli\u010dna korita s \u010dudovitimi ro\u017eami, na zelenjavni gredici pa rastejo&nbsp; pridelki, za katere so&#8230;<\/p>\n","protected":false},"author":1,"featured_media":520,"comment_status":"closed","ping_status":"closed","sticky":false,"template":"","format":"standard","meta":{"footnotes":""},"categories":[13],"tags":[],"jetpack_featured_media_url":"https:\/\/vrtec-sezana.si\/wp-content\/uploads\/2023\/11\/OpisLokev.jpg","_links":{"self":[{"href":"https:\/\/vrtec-sezana.si\/index.php?rest_route=\/wp\/v2\/posts\/1226"}],"collection":[{"href":"https:\/\/vrtec-sezana.si\/index.php?rest_route=\/wp\/v2\/posts"}],"about":[{"href":"https:\/\/vrtec-sezana.si\/index.php?rest_route=\/wp\/v2\/types\/post"}],"author":[{"embeddable":true,"href":"https:\/\/vrtec-sezana.si\/index.php?rest_route=\/wp\/v2\/users\/1"}],"replies":[{"embeddable":true,"href":"https:\/\/vrtec-sezana.si\/index.php?rest_route=%2Fwp%2Fv2%2Fcomments&post=1226"}],"version-history":[{"count":3,"href":"https:\/\/vrtec-sezana.si\/index.php?rest_route=\/wp\/v2\/posts\/1226\/revisions"}],"predecessor-version":[{"id":7299,"href":"https:\/\/vrtec-sezana.si\/index.php?rest_route=\/wp\/v2\/posts\/1226\/revisions\/7299"}],"wp:featuredmedia":[{"embeddable":true,"href":"https:\/\/vrtec-sezana.si\/index.php?rest_route=\/wp\/v2\/media\/520"}],"wp:attachment":[{"href":"https:\/\/vrtec-sezana.si\/index.php?rest_route=%2Fwp%2Fv2%2Fmedia&parent=1226"}],"wp:term":[{"taxonomy":"category","embeddable":true,"href":"https:\/\/vrtec-sezana.si\/index.php?rest_route=%2Fwp%2Fv2%2Fcategories&post=1226"},{"taxonomy":"post_tag","embeddable":true,"href":"https:\/\/vrtec-sezana.si\/index.php?rest_route=%2Fwp%2Fv2%2Ftags&post=1226"}],"curies":[{"name":"wp","href":"https:\/\/api.w.org\/{rel}","templated":true}]}}