{"id":1204,"date":"2023-11-27T10:03:00","date_gmt":"2023-11-27T09:03:00","guid":{"rendered":"http:\/\/977.ablak.arnes.si\/?p=1204"},"modified":"2024-02-19T14:30:14","modified_gmt":"2024-02-19T13:30:14","slug":"cebelice-cebelice","status":"publish","type":"post","link":"https:\/\/vrtec-sezana.si\/?p=1204","title":{"rendered":"\u010cEBELICE, \u010cEBELICE"},"content":{"rendered":"\n<p>17.11.2023 nas je v vrtcu Lokev razveselil prav poseben obisk. Medse smo povabili \u010debelarja. Pripovedovala sta nam o \u010debelnjakih, \u010debelah in njihovih nalogah. Pokazala sta nam za\u0161\u010ditna obla\u010dila in pripomo\u010dke, ki jih uporabljajo \u010debelarji. S seboj sta prinesla tudi panj v katerem so bila satovja, da smo si lahko ogledali kako je v notranjosti \u00bb\u010debelje hi\u0161e\u00ab, v panju. \u010cebelar Slavko je ta dan oblekel sve\u010dano \u010debelarsko obleko, ki jo smejo nositi le \u010debelarji.<\/p>\n\n\n\n<p>Izjave otrok:<br>\u00bb\u010cebelar nabira med in pazi \u010debele.\u00ab<br>\u00bb\u010ce ni \u010debel na svetu ni hrane.\u00ab<br>\u00bbLetijo od cveta do cveta in nosijo med v panj.\u00ab<br>\u00bbJa, to se re\u010de cvetni prah.\u00ab<br>\u00bbHi\u0161i od \u010debel pa se re\u010de panj.\u00ab<br>\u00bb\u010cebele ne vidijo barve.\u00ab<br>\u00bbDa \u010debele valijo jaj\u010deca.\u00ab<br>\u00bbMo\u010dno mahajo s krilci. Tako glej.<br>\u00bbImajo eno kraljico, ki se ji re\u010de matica.\u00ab<br>\u00bbMoj tata je \u010debelar.\u00ab<\/p>\n\n\n\n<p>Besedilo: Maja Anderli\u010d Mo\u017ee<br>Fotografije: arhiv vrtca Lokev<\/p>\n\n\n\n<div class=\"wp-block-buttons is-layout-flex wp-block-buttons-is-layout-flex\">\n<div class=\"wp-block-button\"><a class=\"wp-block-button__link wp-element-button\" href=\"https:\/\/vrtec-sezana.si\/?page_id=1524\">GALERIJA<\/a><\/div>\n<\/div>\n","protected":false},"excerpt":{"rendered":"<p>17.11.2023 nas je v vrtcu Lokev razveselil prav poseben obisk. Medse smo povabili \u010debelarja. Pripovedovala sta nam o \u010debelnjakih, \u010debelah in njihovih nalogah. Pokazala sta nam za\u0161\u010ditna obla\u010dila in pripomo\u010dke, ki jih uporabljajo \u010debelarji. S seboj sta prinesla tudi panj v katerem&#8230;<\/p>\n","protected":false},"author":1,"featured_media":520,"comment_status":"closed","ping_status":"closed","sticky":false,"template":"","format":"standard","meta":{"footnotes":""},"categories":[13],"tags":[],"jetpack_featured_media_url":"https:\/\/vrtec-sezana.si\/wp-content\/uploads\/2023\/11\/OpisLokev.jpg","_links":{"self":[{"href":"https:\/\/vrtec-sezana.si\/index.php?rest_route=\/wp\/v2\/posts\/1204"}],"collection":[{"href":"https:\/\/vrtec-sezana.si\/index.php?rest_route=\/wp\/v2\/posts"}],"about":[{"href":"https:\/\/vrtec-sezana.si\/index.php?rest_route=\/wp\/v2\/types\/post"}],"author":[{"embeddable":true,"href":"https:\/\/vrtec-sezana.si\/index.php?rest_route=\/wp\/v2\/users\/1"}],"replies":[{"embeddable":true,"href":"https:\/\/vrtec-sezana.si\/index.php?rest_route=%2Fwp%2Fv2%2Fcomments&post=1204"}],"version-history":[{"count":3,"href":"https:\/\/vrtec-sezana.si\/index.php?rest_route=\/wp\/v2\/posts\/1204\/revisions"}],"predecessor-version":[{"id":7076,"href":"https:\/\/vrtec-sezana.si\/index.php?rest_route=\/wp\/v2\/posts\/1204\/revisions\/7076"}],"wp:featuredmedia":[{"embeddable":true,"href":"https:\/\/vrtec-sezana.si\/index.php?rest_route=\/wp\/v2\/media\/520"}],"wp:attachment":[{"href":"https:\/\/vrtec-sezana.si\/index.php?rest_route=%2Fwp%2Fv2%2Fmedia&parent=1204"}],"wp:term":[{"taxonomy":"category","embeddable":true,"href":"https:\/\/vrtec-sezana.si\/index.php?rest_route=%2Fwp%2Fv2%2Fcategories&post=1204"},{"taxonomy":"post_tag","embeddable":true,"href":"https:\/\/vrtec-sezana.si\/index.php?rest_route=%2Fwp%2Fv2%2Ftags&post=1204"}],"curies":[{"name":"wp","href":"https:\/\/api.w.org\/{rel}","templated":true}]}}