{"id":1202,"date":"2023-12-12T10:02:00","date_gmt":"2023-12-12T09:02:00","guid":{"rendered":"http:\/\/977.ablak.arnes.si\/?p=1202"},"modified":"2024-02-19T14:26:08","modified_gmt":"2024-02-19T13:26:08","slug":"miska-in-jabolko","status":"publish","type":"post","link":"https:\/\/vrtec-sezana.si\/?p=1202","title":{"rendered":"MI\u0160KA IN JABOLKO"},"content":{"rendered":"\n<p>V skupini pri medvedkih smo se v mesecu Novembru seznanjali s slikanico \u00bbMala mi\u0161ka in veliko rde\u010de jabolko\u00ab. Otrokom so bile ponujene dejavnosti iz vseh podro\u010dij. Prek teh so lahko utrjevali slikanico in razumeli njeno sporo\u010dilo.<\/p>\n\n\n\n<p>Obele\u017eili smo Svetovni dan jabolk in se seznanili z deklamacijo \u00bb Jabolko rde\u010de, hej!.<\/p>\n\n\n\n<p>Na sprehodih smo opazovali naravo, drevesa in nabirali jesenske liste.<\/p>\n\n\n\n<p>Slikanico smo ve\u010dkrat obnavljali prek ilustracij in aplikacij.<\/p>\n\n\n\n<p>Otroci so na drevesnem diagramu razvr\u0161\u010dali jesensko sadje glede na dano lastnost je jabolko\/ ni jabolko. Sestavljali dele v celoto, igrali spomin, urili spretnost pri vtikanki veliko rde\u010de jabolko z rde\u010dimi vatiranimi pal\u010dkami. Razvr\u0161\u010dali nastopajo\u010de \u017eivali iz slikanice v svoje hi\u0161ke na tleh.<\/p>\n\n\n\n<p>Likovno ustvarjali s tiskanjem z rde\u010do tempera barvo na veliko jabolko. &nbsp;Barvali, lepili in risali malo mi\u0161ko. Ter ustvarjali z rde\u010dim plastelinom.<\/p>\n\n\n\n<p>Spoznavali in zaznavali glasbila, ki ponazarjajo ogla\u0161anje ali gibanje \u017eivali. Se seznanjali in peli jesenske pesmice o \u017eivalih in jesenskih plodovih.<\/p>\n\n\n\n<p>Praznovali Slovenski tradicionalni zajtrk ob kruhu, medu, maslu, mleku in slastnem rde\u010dem jabolku.<\/p>\n\n\n\n<p>Igrali z didakti\u010dno kocko na kateri so bile \u017eivali iz slikanice. Ob metu kocke prepoznali in gibalno posnemali. Na kocki je bilo tudi jabolko, ki so ga otroci komaj \u010dakali pokazati kako se to kotali.<\/p>\n\n\n\n<p>Iz jabolk pa smo pripravili tudi zdrav doma\u010d jabol\u010dni \u010dips s cimetom, ki se je kar topil v ustih mmm.<\/p>\n\n\n\n<p>Besedilo: Nada Ma\u010dinkovi\u0107<\/p>\n\n\n\n<p>Fotografije: arhiv vrtca Lokev<\/p>\n\n\n\n<div class=\"wp-block-buttons is-layout-flex wp-block-buttons-is-layout-flex\">\n<div class=\"wp-block-button\"><a class=\"wp-block-button__link wp-element-button\" href=\"https:\/\/vrtec-sezana.si\/?page_id=1539\">GALERIJA<\/a><\/div>\n<\/div>\n","protected":false},"excerpt":{"rendered":"<p>V skupini pri medvedkih smo se v mesecu Novembru seznanjali s slikanico \u00bbMala mi\u0161ka in veliko rde\u010de jabolko\u00ab. Otrokom so bile ponujene dejavnosti iz vseh podro\u010dij. Prek teh so lahko utrjevali slikanico in razumeli njeno sporo\u010dilo. Obele\u017eili smo Svetovni dan jabolk in&#8230;<\/p>\n","protected":false},"author":1,"featured_media":520,"comment_status":"closed","ping_status":"closed","sticky":false,"template":"","format":"standard","meta":{"footnotes":""},"categories":[13],"tags":[],"jetpack_featured_media_url":"https:\/\/vrtec-sezana.si\/wp-content\/uploads\/2023\/11\/OpisLokev.jpg","_links":{"self":[{"href":"https:\/\/vrtec-sezana.si\/index.php?rest_route=\/wp\/v2\/posts\/1202"}],"collection":[{"href":"https:\/\/vrtec-sezana.si\/index.php?rest_route=\/wp\/v2\/posts"}],"about":[{"href":"https:\/\/vrtec-sezana.si\/index.php?rest_route=\/wp\/v2\/types\/post"}],"author":[{"embeddable":true,"href":"https:\/\/vrtec-sezana.si\/index.php?rest_route=\/wp\/v2\/users\/1"}],"replies":[{"embeddable":true,"href":"https:\/\/vrtec-sezana.si\/index.php?rest_route=%2Fwp%2Fv2%2Fcomments&post=1202"}],"version-history":[{"count":3,"href":"https:\/\/vrtec-sezana.si\/index.php?rest_route=\/wp\/v2\/posts\/1202\/revisions"}],"predecessor-version":[{"id":7062,"href":"https:\/\/vrtec-sezana.si\/index.php?rest_route=\/wp\/v2\/posts\/1202\/revisions\/7062"}],"wp:featuredmedia":[{"embeddable":true,"href":"https:\/\/vrtec-sezana.si\/index.php?rest_route=\/wp\/v2\/media\/520"}],"wp:attachment":[{"href":"https:\/\/vrtec-sezana.si\/index.php?rest_route=%2Fwp%2Fv2%2Fmedia&parent=1202"}],"wp:term":[{"taxonomy":"category","embeddable":true,"href":"https:\/\/vrtec-sezana.si\/index.php?rest_route=%2Fwp%2Fv2%2Fcategories&post=1202"},{"taxonomy":"post_tag","embeddable":true,"href":"https:\/\/vrtec-sezana.si\/index.php?rest_route=%2Fwp%2Fv2%2Ftags&post=1202"}],"curies":[{"name":"wp","href":"https:\/\/api.w.org\/{rel}","templated":true}]}}