{"id":1200,"date":"2023-12-12T10:01:00","date_gmt":"2023-12-12T09:01:00","guid":{"rendered":"http:\/\/977.ablak.arnes.si\/?p=1200"},"modified":"2024-02-19T14:26:29","modified_gmt":"2024-02-19T13:26:29","slug":"lutkovna-predstava-mala-miska-in-veliko-rdece-jabolko","status":"publish","type":"post","link":"https:\/\/vrtec-sezana.si\/?p=1200","title":{"rendered":"LUTKOVNA PREDSTAVA \u00bb MALA MI\u0160KA IN VELIKO RDE\u010cE JABOLKO\u00ab."},"content":{"rendered":"\n<p>TEKA MI\u0160KA<\/p>\n\n\n\n<p>( Mira Voglar)<\/p>\n\n\n\n<p>Teka mi\u0161ka, sem in tja.<\/p>\n\n\n\n<p>Kam bi rada mi\u0161ka \u0161la?<\/p>\n\n\n\n<p>Semle, cimcom, semle cimcom,<\/p>\n\n\n\n<p>tukajle zdaj bo mi\u0161kin dom.<\/p>\n\n\n\n<p>Konec Novembra sva strokovni delavki pri medvedkih pripravili lutkovno predstavo \u00bb Mala mi\u0161ka in veliko rde\u010de jabolko\u00ab z lutkami marionetami. &nbsp;Na predstavo smo povabili tudi otroke iz skupine Dinozavri. Predstavo smo dodatno obogatili z glasbo in glasbili.<\/p>\n\n\n\n<p>Otroci so takoj opazili veliko rde\u010de jabolko na travi pod jablano in pozorno sledili ali bo mi\u0161ki jabolko uspelo prinesti domov.<\/p>\n\n\n\n<p>Ob koncu predstave so nas otroci nagradili z aplavzom.<\/p>\n\n\n\n<p>Izjave starej\u0161ih otrok ob koncu predstave so bile:<\/p>\n\n\n\n<p>\u00bb\u010ce bi mi\u0161ka delila jabolko z drugimi \u017eivali bi tudi ona dobila ko\u0161\u010dek jabolka.\u00ab<\/p>\n\n\n\n<p>\u00bbNi bilo lepo od mi\u0161ke, da ni delila svojega jabolka.\u00ab<\/p>\n\n\n\n<p>\u00bbBo vedla za drugi\u010d.\u00ab<\/p>\n\n\n\n<p>\u00bbJe treba delit stvari.\u00ab<\/p>\n\n\n\n<p>Za konec smo otroke vpra\u0161ale kaj vse lahko naredimo iz jabolka. Na kar so otroci odgovorili:<\/p>\n\n\n\n<p>\u00bbJabol\u010dni sok.\u00ab<\/p>\n\n\n\n<p>\u00bbJabol\u010dni zavitek.\u00ab<\/p>\n\n\n\n<p>\u00bbJabol\u010dni puding.\u00ab<\/p>\n\n\n\n<p>No mi smo jih presenetili in jih postregli z zdravim doma\u010dim jabol\u010dnim \u010dipsom s cimetom, ki smo ga pripravili sami. Mmm kako slasten je bil.<\/p>\n\n\n\n<p>Zahvaljujemo se tudi na\u0161i sodelavki vzgojiteljici Mojci Pegan Brato\u017e, ki nam je posodila svoje lutke marionete in nam s tem pomagala pri izvedbi lutkovne predstave.<\/p>\n\n\n\n<p>Besedilo: Nada Ma\u010dinkovi\u0107<\/p>\n\n\n\n<p>Fotografije: arhiv vrtca Lokev<\/p>\n\n\n\n<div class=\"wp-block-buttons is-layout-flex wp-block-buttons-is-layout-flex\">\n<div class=\"wp-block-button\"><a class=\"wp-block-button__link wp-element-button\" href=\"https:\/\/vrtec-sezana.si\/?page_id=1564\">GALERIJA<\/a><\/div>\n<\/div>\n","protected":false},"excerpt":{"rendered":"<p>TEKA MI\u0160KA ( Mira Voglar) Teka mi\u0161ka, sem in tja. Kam bi rada mi\u0161ka \u0161la? Semle, cimcom, semle cimcom, tukajle zdaj bo mi\u0161kin dom. Konec Novembra sva strokovni delavki pri medvedkih pripravili lutkovno predstavo \u00bb Mala mi\u0161ka in veliko rde\u010de jabolko\u00ab z&#8230;<\/p>\n","protected":false},"author":1,"featured_media":520,"comment_status":"closed","ping_status":"closed","sticky":false,"template":"","format":"standard","meta":{"footnotes":""},"categories":[13],"tags":[],"jetpack_featured_media_url":"https:\/\/vrtec-sezana.si\/wp-content\/uploads\/2023\/11\/OpisLokev.jpg","_links":{"self":[{"href":"https:\/\/vrtec-sezana.si\/index.php?rest_route=\/wp\/v2\/posts\/1200"}],"collection":[{"href":"https:\/\/vrtec-sezana.si\/index.php?rest_route=\/wp\/v2\/posts"}],"about":[{"href":"https:\/\/vrtec-sezana.si\/index.php?rest_route=\/wp\/v2\/types\/post"}],"author":[{"embeddable":true,"href":"https:\/\/vrtec-sezana.si\/index.php?rest_route=\/wp\/v2\/users\/1"}],"replies":[{"embeddable":true,"href":"https:\/\/vrtec-sezana.si\/index.php?rest_route=%2Fwp%2Fv2%2Fcomments&post=1200"}],"version-history":[{"count":3,"href":"https:\/\/vrtec-sezana.si\/index.php?rest_route=\/wp\/v2\/posts\/1200\/revisions"}],"predecessor-version":[{"id":7063,"href":"https:\/\/vrtec-sezana.si\/index.php?rest_route=\/wp\/v2\/posts\/1200\/revisions\/7063"}],"wp:featuredmedia":[{"embeddable":true,"href":"https:\/\/vrtec-sezana.si\/index.php?rest_route=\/wp\/v2\/media\/520"}],"wp:attachment":[{"href":"https:\/\/vrtec-sezana.si\/index.php?rest_route=%2Fwp%2Fv2%2Fmedia&parent=1200"}],"wp:term":[{"taxonomy":"category","embeddable":true,"href":"https:\/\/vrtec-sezana.si\/index.php?rest_route=%2Fwp%2Fv2%2Fcategories&post=1200"},{"taxonomy":"post_tag","embeddable":true,"href":"https:\/\/vrtec-sezana.si\/index.php?rest_route=%2Fwp%2Fv2%2Ftags&post=1200"}],"curies":[{"name":"wp","href":"https:\/\/api.w.org\/{rel}","templated":true}]}}