{"id":1198,"date":"2023-12-12T10:00:00","date_gmt":"2023-12-12T09:00:00","guid":{"rendered":"http:\/\/977.ablak.arnes.si\/?p=1198"},"modified":"2024-02-19T14:26:45","modified_gmt":"2024-02-19T13:26:45","slug":"potujoci-bralni-medvedek","status":"publish","type":"post","link":"https:\/\/vrtec-sezana.si\/?p=1198","title":{"rendered":"POTUJO\u010cI BRALNI MEDVEDEK"},"content":{"rendered":"\n<p>Ena izmed prednostnih nalog vrtca je tudi predbralna pismenost, ki jo v vrtcu spodbujamo pri vseh starostih otrok na razli\u010dne na\u010dine. Pri medvedkih zelo radi beremo in poslu\u0161amo pravljice.<\/p>\n\n\n\n<p>Zato smo se odlo\u010dili, da bomo spodbujali tudi dru\u017einsko branje s potujo\u010dim bralnim medvedkom s katerim \u017eelimo spodbujati in krepiti otrokov govorni razvoj. Vsak petek odnese domov eden izmed otrok nahrbtnik s pli\u0161astim medvedkom in knjigo v katero skupaj s star\u0161i zalepijo, napi\u0161ejo ali nari\u0161ejo nekaj o slikanici, ki so jo skupaj prebrali. Prebrano slikanico prinesejo pokazati tudi v vrtec.<\/p>\n\n\n\n<p>Skupaj z otroci se tako ob za\u010detku tedna usedemo k mizi ali na blazino in pogledamo katero slikanico so doma prebrali.<\/p>\n\n\n\n<p>Otroci se med listanjem knjige prepoznajo na fotografijah z medvedkom in slikanico, ki so jo prebrali. Nekateri znajo povedati tudi kaj so narisali.<\/p>\n\n\n\n<p>Na\u0161 Bralni medvedek \u017ee potuje tudi v mesecu decembru zato se veselimo slikanic, ki jih bodo otroci in star\u0161i \u0161e skupaj prebrali.<\/p>\n\n\n\n<p>Besedilo: Nada Ma\u010dinkovi\u0107<\/p>\n\n\n\n<p>Fotografije: Nada Ma\u010dinkovi\u0107<\/p>\n\n\n\n<div class=\"wp-block-buttons is-layout-flex wp-block-buttons-is-layout-flex\">\n<div class=\"wp-block-button\"><a class=\"wp-block-button__link wp-element-button\" href=\"https:\/\/vrtec-sezana.si\/?page_id=1579\">GALERIJA<\/a><\/div>\n<\/div>\n","protected":false},"excerpt":{"rendered":"<p>Ena izmed prednostnih nalog vrtca je tudi predbralna pismenost, ki jo v vrtcu spodbujamo pri vseh starostih otrok na razli\u010dne na\u010dine. Pri medvedkih zelo radi beremo in poslu\u0161amo pravljice. Zato smo se odlo\u010dili, da bomo spodbujali tudi dru\u017einsko branje s potujo\u010dim bralnim&#8230;<\/p>\n","protected":false},"author":1,"featured_media":520,"comment_status":"closed","ping_status":"closed","sticky":false,"template":"","format":"standard","meta":{"footnotes":""},"categories":[13],"tags":[],"jetpack_featured_media_url":"https:\/\/vrtec-sezana.si\/wp-content\/uploads\/2023\/11\/OpisLokev.jpg","_links":{"self":[{"href":"https:\/\/vrtec-sezana.si\/index.php?rest_route=\/wp\/v2\/posts\/1198"}],"collection":[{"href":"https:\/\/vrtec-sezana.si\/index.php?rest_route=\/wp\/v2\/posts"}],"about":[{"href":"https:\/\/vrtec-sezana.si\/index.php?rest_route=\/wp\/v2\/types\/post"}],"author":[{"embeddable":true,"href":"https:\/\/vrtec-sezana.si\/index.php?rest_route=\/wp\/v2\/users\/1"}],"replies":[{"embeddable":true,"href":"https:\/\/vrtec-sezana.si\/index.php?rest_route=%2Fwp%2Fv2%2Fcomments&post=1198"}],"version-history":[{"count":3,"href":"https:\/\/vrtec-sezana.si\/index.php?rest_route=\/wp\/v2\/posts\/1198\/revisions"}],"predecessor-version":[{"id":7064,"href":"https:\/\/vrtec-sezana.si\/index.php?rest_route=\/wp\/v2\/posts\/1198\/revisions\/7064"}],"wp:featuredmedia":[{"embeddable":true,"href":"https:\/\/vrtec-sezana.si\/index.php?rest_route=\/wp\/v2\/media\/520"}],"wp:attachment":[{"href":"https:\/\/vrtec-sezana.si\/index.php?rest_route=%2Fwp%2Fv2%2Fmedia&parent=1198"}],"wp:term":[{"taxonomy":"category","embeddable":true,"href":"https:\/\/vrtec-sezana.si\/index.php?rest_route=%2Fwp%2Fv2%2Fcategories&post=1198"},{"taxonomy":"post_tag","embeddable":true,"href":"https:\/\/vrtec-sezana.si\/index.php?rest_route=%2Fwp%2Fv2%2Ftags&post=1198"}],"curies":[{"name":"wp","href":"https:\/\/api.w.org\/{rel}","templated":true}]}}