{"id":1192,"date":"2023-12-13T09:57:00","date_gmt":"2023-12-13T08:57:00","guid":{"rendered":"http:\/\/977.ablak.arnes.si\/?p=1192"},"modified":"2024-02-19T14:25:23","modified_gmt":"2024-02-19T13:25:23","slug":"mala-pozornost-za-veliko-veselje-2","status":"publish","type":"post","link":"https:\/\/vrtec-sezana.si\/?p=1192","title":{"rendered":"MALA POZORNOST ZA VELIKO VESELJE"},"content":{"rendered":"\n<p>Tudi v na\u0161em vrtcu smo sodelovali v vseslovenskem projektu \u00bbMala pozornost za veliko veselje\u00ab.<br>Cilj projekta je navdu\u0161iti \u0161ir\u0161o javnost k medgeneracijskemu sodelovanju in zbrati vo\u0161\u010dila, vo\u0161\u010dilnice in prazni\u010dna pisma za vse starostnike po slovenskih domovih in centrih za starej\u0161e.<\/p>\n\n\n\n<p>Da lahko majhna pozornost res naredi veliko veselje, so \u017ee preverili in dokazali, saj akcija letos poteka \u017ee osmo leto.<br>V novemberskih dopoldnevih smo zavihali rokave v obeh oddelkih na\u0161ega vrtca in izdelali veliko unikatnih vo\u0161\u010dilnic.&nbsp; K sodelovanju in ustvarjanju smo preko plakatov povabili vse dru\u017eine. Skupaj nam je uspelo izdelati kar 277 vo\u0161\u010dilnic, ki smo jih poslali v DEOS Notranje Gorice, kjer jih je prejela vodja projekta, gospa Ana Petri\u010d, direktorica centra starej\u0161ih Notranje Gorice. Od tam bodo vo\u0161\u010dilnice potovale v vse DSOje po Sloveniji.<\/p>\n\n\n\n<p>Hvala vsem, ki ste podarili ko\u0161\u010dek svojega \u010dasa in sodelovali v tem projektu.<br>Dr\u017eimo pesti, da bodo tudi letos vo\u0161\u010dilo prejeli \u010disto vsi starostniki.<\/p>\n\n\n\n<p>Besedilo: Maja Anderli\u010d Mo\u017ee<br>Fotografije: arhiv vrtca Lokev<\/p>\n\n\n\n<div class=\"wp-block-buttons is-layout-flex wp-block-buttons-is-layout-flex\">\n<div class=\"wp-block-button\"><a class=\"wp-block-button__link wp-element-button\" href=\"https:\/\/vrtec-sezana.si\/?page_id=1631\">GALERIJA<\/a><\/div>\n<\/div>\n","protected":false},"excerpt":{"rendered":"<p>Tudi v na\u0161em vrtcu smo sodelovali v vseslovenskem projektu \u00bbMala pozornost za veliko veselje\u00ab.Cilj projekta je navdu\u0161iti \u0161ir\u0161o javnost k medgeneracijskemu sodelovanju in zbrati vo\u0161\u010dila, vo\u0161\u010dilnice in prazni\u010dna pisma za vse starostnike po slovenskih domovih in centrih za starej\u0161e. Da lahko majhna&#8230;<\/p>\n","protected":false},"author":1,"featured_media":520,"comment_status":"closed","ping_status":"closed","sticky":false,"template":"","format":"standard","meta":{"footnotes":""},"categories":[13],"tags":[],"jetpack_featured_media_url":"https:\/\/vrtec-sezana.si\/wp-content\/uploads\/2023\/11\/OpisLokev.jpg","_links":{"self":[{"href":"https:\/\/vrtec-sezana.si\/index.php?rest_route=\/wp\/v2\/posts\/1192"}],"collection":[{"href":"https:\/\/vrtec-sezana.si\/index.php?rest_route=\/wp\/v2\/posts"}],"about":[{"href":"https:\/\/vrtec-sezana.si\/index.php?rest_route=\/wp\/v2\/types\/post"}],"author":[{"embeddable":true,"href":"https:\/\/vrtec-sezana.si\/index.php?rest_route=\/wp\/v2\/users\/1"}],"replies":[{"embeddable":true,"href":"https:\/\/vrtec-sezana.si\/index.php?rest_route=%2Fwp%2Fv2%2Fcomments&post=1192"}],"version-history":[{"count":3,"href":"https:\/\/vrtec-sezana.si\/index.php?rest_route=\/wp\/v2\/posts\/1192\/revisions"}],"predecessor-version":[{"id":7059,"href":"https:\/\/vrtec-sezana.si\/index.php?rest_route=\/wp\/v2\/posts\/1192\/revisions\/7059"}],"wp:featuredmedia":[{"embeddable":true,"href":"https:\/\/vrtec-sezana.si\/index.php?rest_route=\/wp\/v2\/media\/520"}],"wp:attachment":[{"href":"https:\/\/vrtec-sezana.si\/index.php?rest_route=%2Fwp%2Fv2%2Fmedia&parent=1192"}],"wp:term":[{"taxonomy":"category","embeddable":true,"href":"https:\/\/vrtec-sezana.si\/index.php?rest_route=%2Fwp%2Fv2%2Fcategories&post=1192"},{"taxonomy":"post_tag","embeddable":true,"href":"https:\/\/vrtec-sezana.si\/index.php?rest_route=%2Fwp%2Fv2%2Ftags&post=1192"}],"curies":[{"name":"wp","href":"https:\/\/api.w.org\/{rel}","templated":true}]}}