{"id":11694,"date":"2024-04-29T14:44:35","date_gmt":"2024-04-29T13:44:35","guid":{"rendered":"https:\/\/vrtec-sezana.si\/?p=11694"},"modified":"2024-04-29T14:44:36","modified_gmt":"2024-04-29T13:44:36","slug":"obelezili-smo-svetovni-dan-knjige","status":"publish","type":"post","link":"https:\/\/vrtec-sezana.si\/?p=11694","title":{"rendered":"Obele\u017eili smo Svetovni dan knjige"},"content":{"rendered":"\n<p>Svetovni dan knjige in avtorskih pravic obele\u017eujemo 23.4.2024. Je dan ko praznuje knjiga in bralci.<\/p>\n\n\n\n<p>V vrtcu otrokom beremo slikanice, ki so primerne glede na njihovo starost. O prebranem se pogovarjamo, prek ilustracij slikanic pa otrokom omogo\u010dimo, da zgodbo tudi sami obnavljajo. Z otroki se pogovorimo tudi o sporo\u010dilu slikanice, kaj nam to \u017eeli povedati.<\/p>\n\n\n\n<p>V knji\u017enem koti\u010dku imajo ves dan na voljo tudi razli\u010dne kartonke, \u010dutne knjige, zvo\u010dne in tihe knjige.<\/p>\n\n\n\n<p>Ob svetovnem dnevu knjige smo prebrali slikanico z naslovom Mali medo (Polonca Kova\u010d). Sporo\u010dilo slikanice je bilo, da je medvedek, ki je izgubljeno dudo tako mo\u010dno \u017eelel nazaj ugotovil, da lahko zaspi tudi brez nje. Dudo je ob najdbi malo podudlal nato pa pljunil se obrnil na bok in zaspal. Dude medvedek ni nikoli ve\u010d potreboval.<\/p>\n\n\n\n<p>Besedilo: Nada Ma\u010dinkovi\u0107<\/p>\n\n\n\n<p>Fotografije: Nada Ma\u010dinkovi\u0107<\/p>\n\n\n\n<div class=\"wp-block-buttons is-layout-flex wp-block-buttons-is-layout-flex\">\n<div class=\"wp-block-button\"><a class=\"wp-block-button__link wp-element-button\" href=\"https:\/\/vrtec-sezana.si\/?page_id=11682\">GALERIJA<\/a><\/div>\n<\/div>\n","protected":false},"excerpt":{"rendered":"<p>Svetovni dan knjige in avtorskih pravic obele\u017eujemo 23.4.2024. Je dan ko praznuje knjiga in bralci. V vrtcu otrokom beremo slikanice, ki so primerne glede na njihovo starost. O prebranem se pogovarjamo, prek ilustracij slikanic pa otrokom omogo\u010dimo, da zgodbo tudi sami obnavljajo&#8230;.<\/p>\n","protected":false},"author":23,"featured_media":11692,"comment_status":"closed","ping_status":"closed","sticky":false,"template":"","format":"standard","meta":{"footnotes":""},"categories":[13],"tags":[],"jetpack_featured_media_url":"https:\/\/vrtec-sezana.si\/wp-content\/uploads\/2024\/04\/mali-medo-0_500_400x.webp","_links":{"self":[{"href":"https:\/\/vrtec-sezana.si\/index.php?rest_route=\/wp\/v2\/posts\/11694"}],"collection":[{"href":"https:\/\/vrtec-sezana.si\/index.php?rest_route=\/wp\/v2\/posts"}],"about":[{"href":"https:\/\/vrtec-sezana.si\/index.php?rest_route=\/wp\/v2\/types\/post"}],"author":[{"embeddable":true,"href":"https:\/\/vrtec-sezana.si\/index.php?rest_route=\/wp\/v2\/users\/23"}],"replies":[{"embeddable":true,"href":"https:\/\/vrtec-sezana.si\/index.php?rest_route=%2Fwp%2Fv2%2Fcomments&post=11694"}],"version-history":[{"count":1,"href":"https:\/\/vrtec-sezana.si\/index.php?rest_route=\/wp\/v2\/posts\/11694\/revisions"}],"predecessor-version":[{"id":11695,"href":"https:\/\/vrtec-sezana.si\/index.php?rest_route=\/wp\/v2\/posts\/11694\/revisions\/11695"}],"wp:featuredmedia":[{"embeddable":true,"href":"https:\/\/vrtec-sezana.si\/index.php?rest_route=\/wp\/v2\/media\/11692"}],"wp:attachment":[{"href":"https:\/\/vrtec-sezana.si\/index.php?rest_route=%2Fwp%2Fv2%2Fmedia&parent=11694"}],"wp:term":[{"taxonomy":"category","embeddable":true,"href":"https:\/\/vrtec-sezana.si\/index.php?rest_route=%2Fwp%2Fv2%2Fcategories&post=11694"},{"taxonomy":"post_tag","embeddable":true,"href":"https:\/\/vrtec-sezana.si\/index.php?rest_route=%2Fwp%2Fv2%2Ftags&post=11694"}],"curies":[{"name":"wp","href":"https:\/\/api.w.org\/{rel}","templated":true}]}}