{"id":11680,"date":"2024-04-29T13:44:07","date_gmt":"2024-04-29T12:44:07","guid":{"rendered":"https:\/\/vrtec-sezana.si\/?p=11680"},"modified":"2024-04-29T13:44:08","modified_gmt":"2024-04-29T12:44:08","slug":"kako-smo-praznovali-z-nasim-planetom","status":"publish","type":"post","link":"https:\/\/vrtec-sezana.si\/?p=11680","title":{"rendered":"Kako smo praznovali z na\u0161im planetom"},"content":{"rendered":"\n<p>Dan zemlje, 22.4.2024, ki ga praznujemo z namenom, da se spomnimo kako je pomembno varovati in ohranjati na\u0161 planet. V ta namen smo v skupini Dinozavri celo leto izvajali dejavnosti o ozave\u0161\u010danju in varovanju okolja na zemlji.<br>Ogledali smo si ekolo\u0161ki otok, zbirali, prepoznavali in lo\u010devali odpadke, iz razli\u010dnih odpadnih materialov izdelovali igra\u010de in glasbila, vsak si je v svoj eko lon\u010dek zasadil nekaj fi\u017eolov in sedaj se trudimo, da bodo zrastli v mo\u010dne sadike, ki jih bomo odnesli domov na svoje vrti\u010dke. Obiskala sta nas \u010debelarja ga.Mira in g.Slavko ter nas nau\u010dila kako izdelamo semenske kroglice iz zemlje, gline in son\u010dni\u010dnih semen, iz katerih bodo zrastle son\u010dnice, da bodo \u010debele in ostali opra\u0161evalci nabirali medi\u010dino in se jeseni z njimi gostile razli\u010dne ptice. Uredili smo zeli\u0161\u010dni vrt, cvetli\u010dni koti\u010dek, po\u010distili in uredili okolico vrtca. Veliko smo zahajali na travnik, v gozd, na na\u0161e lepo igri\u0161\u010de in se gibali na sve\u017eem zraku, da bomo zdravi, tako kot si \u017eelimo, da bi bil zdrav na\u0161 planet.<br>Iz podjetja Hortikultura iz Se\u017eane so nam darovali drevo in ga tudi posadili, da bomo na na\u0161em lepem igri\u0161\u010du zopet imeli senco. Zahvaljujemo se g. Robertu Rogi\u010d&nbsp; iz Hortikulture Se\u017eana in dru\u017eini Trobec, ki je organizirala donacijo drevesa.<\/p>\n\n\n\n<p>Na prilo\u017eenih fotografijah pa si poglejte kako smo praznovali.<\/p>\n\n\n\n<p>Besedilo: Maja Anderli\u010d Mo\u017ee<br>Fotografije: arhiv vrtca Lokev<\/p>\n\n\n\n<div class=\"wp-block-buttons is-layout-flex wp-block-buttons-is-layout-flex\">\n<div class=\"wp-block-button\"><a class=\"wp-block-button__link wp-element-button\" href=\"https:\/\/vrtec-sezana.si\/?page_id=11665\">GALERIJA<\/a><\/div>\n<\/div>\n","protected":false},"excerpt":{"rendered":"<p>Dan zemlje, 22.4.2024, ki ga praznujemo z namenom, da se spomnimo kako je pomembno varovati in ohranjati na\u0161 planet. V ta namen smo v skupini Dinozavri celo leto izvajali dejavnosti o ozave\u0161\u010danju in varovanju okolja na zemlji.Ogledali smo si ekolo\u0161ki otok, zbirali,&#8230;<\/p>\n","protected":false},"author":23,"featured_media":11678,"comment_status":"closed","ping_status":"closed","sticky":false,"template":"","format":"standard","meta":{"footnotes":""},"categories":[13],"tags":[],"jetpack_featured_media_url":"https:\/\/vrtec-sezana.si\/wp-content\/uploads\/2024\/04\/zemljica.jpg","_links":{"self":[{"href":"https:\/\/vrtec-sezana.si\/index.php?rest_route=\/wp\/v2\/posts\/11680"}],"collection":[{"href":"https:\/\/vrtec-sezana.si\/index.php?rest_route=\/wp\/v2\/posts"}],"about":[{"href":"https:\/\/vrtec-sezana.si\/index.php?rest_route=\/wp\/v2\/types\/post"}],"author":[{"embeddable":true,"href":"https:\/\/vrtec-sezana.si\/index.php?rest_route=\/wp\/v2\/users\/23"}],"replies":[{"embeddable":true,"href":"https:\/\/vrtec-sezana.si\/index.php?rest_route=%2Fwp%2Fv2%2Fcomments&post=11680"}],"version-history":[{"count":1,"href":"https:\/\/vrtec-sezana.si\/index.php?rest_route=\/wp\/v2\/posts\/11680\/revisions"}],"predecessor-version":[{"id":11681,"href":"https:\/\/vrtec-sezana.si\/index.php?rest_route=\/wp\/v2\/posts\/11680\/revisions\/11681"}],"wp:featuredmedia":[{"embeddable":true,"href":"https:\/\/vrtec-sezana.si\/index.php?rest_route=\/wp\/v2\/media\/11678"}],"wp:attachment":[{"href":"https:\/\/vrtec-sezana.si\/index.php?rest_route=%2Fwp%2Fv2%2Fmedia&parent=11680"}],"wp:term":[{"taxonomy":"category","embeddable":true,"href":"https:\/\/vrtec-sezana.si\/index.php?rest_route=%2Fwp%2Fv2%2Fcategories&post=11680"},{"taxonomy":"post_tag","embeddable":true,"href":"https:\/\/vrtec-sezana.si\/index.php?rest_route=%2Fwp%2Fv2%2Ftags&post=11680"}],"curies":[{"name":"wp","href":"https:\/\/api.w.org\/{rel}","templated":true}]}}