{"id":11663,"date":"2024-04-28T22:41:21","date_gmt":"2024-04-28T21:41:21","guid":{"rendered":"https:\/\/vrtec-sezana.si\/?p=11663"},"modified":"2024-04-28T22:41:22","modified_gmt":"2024-04-28T21:41:22","slug":"vesel-dan-zemlje","status":"publish","type":"post","link":"https:\/\/vrtec-sezana.si\/?p=11663","title":{"rendered":"Vesel dan zemlje"},"content":{"rendered":"\n<p>Na Svetovni dan zemlje se spomnimo, kako pomembno je da je na\u0161 planet \u010dist in da ga moramo vsi skupaj varovati.<\/p>\n\n\n\n<p>Pri \u00bbmedvedkih\u00ab smo ga obele\u017eili z ogledom kratkega pou\u010dnega, kakovostnega otro\u0161kega filma z naslovom &#8220;Vesel dan zemlje&#8221;. Med ogledom filma smo opazili, da nekatere stvari, ki pripomorejo k lep\u0161emu svetu \u017ee po\u010dnemo.<\/p>\n\n\n\n<p>Ob koncu filma smo se seznanili tudi s pesmico Vsi zmoremo, ki pa gre tako:<\/p>\n\n\n\n<p>Vsi zmoremo vsi znamo,<\/p>\n\n\n\n<p>pobirati smeti,<\/p>\n\n\n\n<p>dve roki, dve nogi,<\/p>\n\n\n\n<p>po\u010depni ve\u010d jih ni.<\/p>\n\n\n\n<p>Pobiram smeti,<\/p>\n\n\n\n<p>uga\u0161am lu\u010di,<\/p>\n\n\n\n<p>odpadke lo\u010dujem,<\/p>\n\n\n\n<p>naravo spo\u0161tujem.<\/p>\n\n\n\n<p>Vse najbolj\u0161e zemlja, na\u0161 najlep\u0161i planet.<\/p>\n\n\n\n<p>Nato smo se seznanili s prstno igro Mire Voglar \u00bbMi\u0161ka in krt\u00ab. Vesel dan zemlje pa nadaljevali s sejanjem ro\u017ee in igro z zemljo.<\/p>\n\n\n\n<p>Ro\u017eo smo skupaj posejali in jo zalili z vodo, nato pa odlo\u017eili na okensko polico, kjer jo bomo opazovali in zanjo lepo skrbeli. Ker so otroci izrazili \u017eeljo, da bi posejali ro\u017eo v \u0161e en lon\u010dek smo to posejali v lon\u010dek na\u0161ega Fran\u010dka, katerega smo prav tako zalili in odlo\u017eili na okensko polico.<\/p>\n\n\n\n<p>Otroci so med igro z zemljo u\u017eivali . Zemljo so z rokami rahljali, jo vohali in raziskovali.<\/p>\n\n\n\n<p>Kako smo praznovali \u00bbVesel dan zemlje\u00ab si lahko pogledate na fotografijah v galeriji.<\/p>\n\n\n\n<p>Besedilo: Nada Ma\u010dinkovi\u0107<\/p>\n\n\n\n<p>Fotografije: Nada Ma\u010dinkovi\u0107<\/p>\n\n\n\n<div class=\"wp-block-buttons is-layout-flex wp-block-buttons-is-layout-flex\">\n<div class=\"wp-block-button\"><a class=\"wp-block-button__link wp-element-button\" href=\"https:\/\/vrtec-sezana.si\/?page_id=11640\">GALERIJA<\/a><\/div>\n<\/div>\n","protected":false},"excerpt":{"rendered":"<p>Na Svetovni dan zemlje se spomnimo, kako pomembno je da je na\u0161 planet \u010dist in da ga moramo vsi skupaj varovati. Pri \u00bbmedvedkih\u00ab smo ga obele\u017eili z ogledom kratkega pou\u010dnega, kakovostnega otro\u0161kega filma z naslovom &#8220;Vesel dan zemlje&#8221;. Med ogledom filma smo&#8230;<\/p>\n","protected":false},"author":23,"featured_media":11661,"comment_status":"closed","ping_status":"closed","sticky":false,"template":"","format":"standard","meta":{"footnotes":""},"categories":[13],"tags":[],"jetpack_featured_media_url":"https:\/\/vrtec-sezana.si\/wp-content\/uploads\/2024\/04\/00-1-scaled.jpg","_links":{"self":[{"href":"https:\/\/vrtec-sezana.si\/index.php?rest_route=\/wp\/v2\/posts\/11663"}],"collection":[{"href":"https:\/\/vrtec-sezana.si\/index.php?rest_route=\/wp\/v2\/posts"}],"about":[{"href":"https:\/\/vrtec-sezana.si\/index.php?rest_route=\/wp\/v2\/types\/post"}],"author":[{"embeddable":true,"href":"https:\/\/vrtec-sezana.si\/index.php?rest_route=\/wp\/v2\/users\/23"}],"replies":[{"embeddable":true,"href":"https:\/\/vrtec-sezana.si\/index.php?rest_route=%2Fwp%2Fv2%2Fcomments&post=11663"}],"version-history":[{"count":1,"href":"https:\/\/vrtec-sezana.si\/index.php?rest_route=\/wp\/v2\/posts\/11663\/revisions"}],"predecessor-version":[{"id":11664,"href":"https:\/\/vrtec-sezana.si\/index.php?rest_route=\/wp\/v2\/posts\/11663\/revisions\/11664"}],"wp:featuredmedia":[{"embeddable":true,"href":"https:\/\/vrtec-sezana.si\/index.php?rest_route=\/wp\/v2\/media\/11661"}],"wp:attachment":[{"href":"https:\/\/vrtec-sezana.si\/index.php?rest_route=%2Fwp%2Fv2%2Fmedia&parent=11663"}],"wp:term":[{"taxonomy":"category","embeddable":true,"href":"https:\/\/vrtec-sezana.si\/index.php?rest_route=%2Fwp%2Fv2%2Fcategories&post=11663"},{"taxonomy":"post_tag","embeddable":true,"href":"https:\/\/vrtec-sezana.si\/index.php?rest_route=%2Fwp%2Fv2%2Ftags&post=11663"}],"curies":[{"name":"wp","href":"https:\/\/api.w.org\/{rel}","templated":true}]}}