{"id":11634,"date":"2024-04-28T18:09:58","date_gmt":"2024-04-28T17:09:58","guid":{"rendered":"https:\/\/vrtec-sezana.si\/?p=11634"},"modified":"2024-04-28T18:09:59","modified_gmt":"2024-04-28T17:09:59","slug":"vozila-skupina-ribice","status":"publish","type":"post","link":"https:\/\/vrtec-sezana.si\/?p=11634","title":{"rendered":"Vozila (skupina Ribice)"},"content":{"rendered":"\n<p>V vrtcu otroci zelo radi posegajo po vozilih. Zato smo se tudi odlo\u010dili, da jih podrobneje spoznamo.<\/p>\n\n\n\n<p>Na sprehodih smo opazovali kaj vse \u0161viga po cesti, kopa po gradbi\u0161\u010dih\u2026 Vsa vozila smo poimenovali, jih pre\u0161teli, jih opisali. V vrtcu pa smo jih nato poiskali v knjigah. Vozila smo tudi razvr\u0161\u010dali po barvah, narisali smo cesto in parkiri\u0161\u010da razli\u010dnih barv. Vozila smo razvrstili tudi glede na to, kje vozijo, plujejo, letijo. Vse to smo ponazorili tudi z gibanjem. Vozila smo tudi sestavljali v celoto ter jim iskali sence. Ur\u0161a nam je na flavto zaigrala pesmi Moj rde\u010di avto ter Bar\u010dica po morju plava. A veste, da jih \u017ee znamo zapet! Gibalno smo uprizarjali tudi pesem Romane Kranj\u010dan Kolesa na avtu se okrog vrte. Spoznali smo se tudi s socialno igrico Stol na moji desni je prazen, \u017eelim, da se na njega usede (ime otroka). Otroci&nbsp; so ob tej igrici res u\u017eivali! Na likovnem podro\u010dju smo se seznanili s pe\u010datniki, odtiskovali smo vozila, pu\u0161\u010dali smo sledi z vozili\u2026 Vse to in \u0161e ve\u010d se je dogajalo zadnje tedne pri nas v vrtcu. Res se imamo super!<\/p>\n\n\n\n<p>Besedilo: Tina Tav\u010dar<\/p>\n\n\n\n<p>Fotografije: Tina Tav\u010dar in Ur\u0161a Mrak<\/p>\n\n\n\n<p><\/p>\n\n\n\n<div class=\"wp-block-buttons is-layout-flex wp-block-buttons-is-layout-flex\">\n<div class=\"wp-block-button\"><a class=\"wp-block-button__link wp-element-button\" href=\"https:\/\/vrtec-sezana.si\/?page_id=11612\">GALERIJA<\/a><\/div>\n<\/div>\n","protected":false},"excerpt":{"rendered":"<p>V vrtcu otroci zelo radi posegajo po vozilih. Zato smo se tudi odlo\u010dili, da jih podrobneje spoznamo. Na sprehodih smo opazovali kaj vse \u0161viga po cesti, kopa po gradbi\u0161\u010dih\u2026 Vsa vozila smo poimenovali, jih pre\u0161teli, jih opisali. V vrtcu pa smo jih&#8230;<\/p>\n","protected":false},"author":10,"featured_media":11635,"comment_status":"closed","ping_status":"closed","sticky":false,"template":"","format":"standard","meta":{"footnotes":""},"categories":[10],"tags":[],"jetpack_featured_media_url":"https:\/\/vrtec-sezana.si\/wp-content\/uploads\/2024\/04\/naslovna-slika-ribice.jpg","_links":{"self":[{"href":"https:\/\/vrtec-sezana.si\/index.php?rest_route=\/wp\/v2\/posts\/11634"}],"collection":[{"href":"https:\/\/vrtec-sezana.si\/index.php?rest_route=\/wp\/v2\/posts"}],"about":[{"href":"https:\/\/vrtec-sezana.si\/index.php?rest_route=\/wp\/v2\/types\/post"}],"author":[{"embeddable":true,"href":"https:\/\/vrtec-sezana.si\/index.php?rest_route=\/wp\/v2\/users\/10"}],"replies":[{"embeddable":true,"href":"https:\/\/vrtec-sezana.si\/index.php?rest_route=%2Fwp%2Fv2%2Fcomments&post=11634"}],"version-history":[{"count":1,"href":"https:\/\/vrtec-sezana.si\/index.php?rest_route=\/wp\/v2\/posts\/11634\/revisions"}],"predecessor-version":[{"id":11636,"href":"https:\/\/vrtec-sezana.si\/index.php?rest_route=\/wp\/v2\/posts\/11634\/revisions\/11636"}],"wp:featuredmedia":[{"embeddable":true,"href":"https:\/\/vrtec-sezana.si\/index.php?rest_route=\/wp\/v2\/media\/11635"}],"wp:attachment":[{"href":"https:\/\/vrtec-sezana.si\/index.php?rest_route=%2Fwp%2Fv2%2Fmedia&parent=11634"}],"wp:term":[{"taxonomy":"category","embeddable":true,"href":"https:\/\/vrtec-sezana.si\/index.php?rest_route=%2Fwp%2Fv2%2Fcategories&post=11634"},{"taxonomy":"post_tag","embeddable":true,"href":"https:\/\/vrtec-sezana.si\/index.php?rest_route=%2Fwp%2Fv2%2Ftags&post=11634"}],"curies":[{"name":"wp","href":"https:\/\/api.w.org\/{rel}","templated":true}]}}