{"id":11609,"date":"2024-04-28T18:04:29","date_gmt":"2024-04-28T17:04:29","guid":{"rendered":"https:\/\/vrtec-sezana.si\/?p=11609"},"modified":"2024-04-28T18:04:30","modified_gmt":"2024-04-28T17:04:30","slug":"svetovni-dan-knjige","status":"publish","type":"post","link":"https:\/\/vrtec-sezana.si\/?p=11609","title":{"rendered":"Svetovni dan knjige"},"content":{"rendered":"\n<p><strong>Dan knjige je posve\u010den promociji branja, zalo\u017eni\u0161tva in za\u0161\u010diti avtorskih pravic ter intelektualne lastnine<\/strong>. To je dan, ko praznuje knjiga in vsi bralci tega sveta. 2. aprila praznujejo najmlaj\u0161i ob mednarodnem dnevu knjig za otroke. 23. aprila pa povsod po svetu praznujejo svetovni dan knjige in avtorskih pravic.<\/p>\n\n\n\n<p>Tudi mi v vrtcu smo ta dan obele\u017eili. Po skupinah smo prebirali pravljice, pesmice, se pogovarjali o knjigah, pisateljih, pesnikih, opazovali ilustracije, nekateri otroci so v vrtec prinesli tudi svoje najljub\u0161e slikanice\u2026<\/p>\n\n\n\n<p>Otroci iz skupine Ribice pa so ta dan pre\u017eiveli v dru\u017ebi \u017eupanje, gospe Sa\u0161e Likavec Svetel\u0161ek ter njene sodelavke gospe Ester Renko. Z njima smo poklepetali, predstavili smo jima bibarije \u2013 prstne igre nato pa smo \u0161e vsi skupaj zarajali ob prepevanju pesmic.<\/p>\n\n\n\n<p>Ob tej prilo\u017enosti nam je gospa \u017eupanja podarila dve knjigi ter bon za nakup knjig za vrtec Hrpelje.<\/p>\n\n\n\n<p>Najlep\u0161e se zahvaljujemo gospe \u017eupanji ter Ob\u010dini Hrpelje-Kozina, ker nas vsako leto ob tem dnevu po\u010dastite z obiskom ter s knjigami, ki smo jih nadvse veseli.<\/p>\n\n\n\n<p>Besedilo: Tina Tav\u010dar<\/p>\n\n\n\n<p>Fotografije: Tina Tav\u010dar in Ur\u0161a Mrak<\/p>\n\n\n\n<p><\/p>\n\n\n\n<div class=\"wp-block-buttons is-layout-flex wp-block-buttons-is-layout-flex\">\n<div class=\"wp-block-button\"><a class=\"wp-block-button__link wp-element-button\" href=\"https:\/\/vrtec-sezana.si\/?page_id=11604\">GALERIJA<\/a><\/div>\n<\/div>\n","protected":false},"excerpt":{"rendered":"<p>Dan knjige je posve\u010den promociji branja, zalo\u017eni\u0161tva in za\u0161\u010diti avtorskih pravic ter intelektualne lastnine. To je dan, ko praznuje knjiga in vsi bralci tega sveta. 2. aprila praznujejo najmlaj\u0161i ob mednarodnem dnevu knjig za otroke. 23. aprila pa povsod po svetu praznujejo&#8230;<\/p>\n","protected":false},"author":10,"featured_media":11610,"comment_status":"closed","ping_status":"closed","sticky":false,"template":"","format":"standard","meta":{"footnotes":""},"categories":[10],"tags":[],"jetpack_featured_media_url":"https:\/\/vrtec-sezana.si\/wp-content\/uploads\/2024\/04\/istockphoto-1465545497-612x612-1.jpg","_links":{"self":[{"href":"https:\/\/vrtec-sezana.si\/index.php?rest_route=\/wp\/v2\/posts\/11609"}],"collection":[{"href":"https:\/\/vrtec-sezana.si\/index.php?rest_route=\/wp\/v2\/posts"}],"about":[{"href":"https:\/\/vrtec-sezana.si\/index.php?rest_route=\/wp\/v2\/types\/post"}],"author":[{"embeddable":true,"href":"https:\/\/vrtec-sezana.si\/index.php?rest_route=\/wp\/v2\/users\/10"}],"replies":[{"embeddable":true,"href":"https:\/\/vrtec-sezana.si\/index.php?rest_route=%2Fwp%2Fv2%2Fcomments&post=11609"}],"version-history":[{"count":1,"href":"https:\/\/vrtec-sezana.si\/index.php?rest_route=\/wp\/v2\/posts\/11609\/revisions"}],"predecessor-version":[{"id":11611,"href":"https:\/\/vrtec-sezana.si\/index.php?rest_route=\/wp\/v2\/posts\/11609\/revisions\/11611"}],"wp:featuredmedia":[{"embeddable":true,"href":"https:\/\/vrtec-sezana.si\/index.php?rest_route=\/wp\/v2\/media\/11610"}],"wp:attachment":[{"href":"https:\/\/vrtec-sezana.si\/index.php?rest_route=%2Fwp%2Fv2%2Fmedia&parent=11609"}],"wp:term":[{"taxonomy":"category","embeddable":true,"href":"https:\/\/vrtec-sezana.si\/index.php?rest_route=%2Fwp%2Fv2%2Fcategories&post=11609"},{"taxonomy":"post_tag","embeddable":true,"href":"https:\/\/vrtec-sezana.si\/index.php?rest_route=%2Fwp%2Fv2%2Ftags&post=11609"}],"curies":[{"name":"wp","href":"https:\/\/api.w.org\/{rel}","templated":true}]}}