{"id":11514,"date":"2024-04-28T13:43:11","date_gmt":"2024-04-28T12:43:11","guid":{"rendered":"https:\/\/vrtec-sezana.si\/?p=11514"},"modified":"2024-04-28T13:43:11","modified_gmt":"2024-04-28T12:43:11","slug":"vrtec-v-gozdu","status":"publish","type":"post","link":"https:\/\/vrtec-sezana.si\/?p=11514","title":{"rendered":"Vrtec v gozdu"},"content":{"rendered":"\n<p>V vrtcu Lokev se zavedamo, kako pomembno je bivanje na sve\u017eem zraku in kako pozitiven u\u010dinek na otroka ima do\u017eivetje v naravi, zato otrokom zelo pogosto ponudimo izku\u0161njo do\u017eivljanja narave, ki jo prejmejo s konkretnimi dra\u017eljaji. Naravo moramo do\u017eiveti, do\u017eivljamo pa jo lahko le, \u010de smo v njej. Biti v naravi pomeni, biti v u\u010dilnici za trajnostni razvoj, v u\u010dilnici vse\u017eivljenjskega u\u010denja.<br>Otroci v vrtcu Lokev so v stalnem stiku z naravo, saj ta obkro\u017ea na\u0161e \u017eivljenje na vsakem koraku. Veliko imajo mo\u017enosti za spoznavanje raznolikosti in lepote narave ter okolja, ki nas obdaja. Pred\u0161olski otroci do\u017eivljajo naravo druga\u010de kot odrasli in vanjo vstopajo na bolj aktiven na\u010din. Vsega se \u017eelijo dotikati, vonjati, oku\u0161ati in preizku\u0161ati. S spodbujanjem naravoslovne dejavnosti v vrtcu na tak na\u010din krepimo otrokove zdrave \u017eivljenjske navade. Gozd obiskujemo skozi vse leto in tako ohranjamo fizi\u010dno kondicijo ter v \u00bbgozdnih u\u010dilnicah\u00ab otroci raziskujejo, ustvarjajo, spoznavajo, odkrivajo in se u\u010dijo pomembnih socialnih ve\u0161\u010din.&nbsp; Izbiramo tudi razli\u010dne gibalne dejavnosti, se spro\u0161\u010damo in krepimo \u010duje\u010dnost, razvijamo sodelovanje in domi\u0161ljijske igre ter se igramo z naravnimi materiali. Na ta na\u010din tudi spodbujamo kreativnost in iznajdljivost, pridobivamo ob\u010dutek samostojnosti in samozavesti.<br>Gozd je okolje v katerem si krepimo imunski sistem.<\/p>\n\n\n\n<p>Vabljeni v gozd, kjer \u010dimbolj globoko dihajte in u\u017eivajte v lepotah narave, ki nas obdaja.<\/p>\n\n\n\n<p>Na prilo\u017eenih fotografijah si poglejte kako lepo se imamo v gozdu.<\/p>\n\n\n\n<p>Besedilo: Maja Anderli\u010d Mo\u017ee<br>Fotografije: Maja Anderli\u010d Mo\u017ee<\/p>\n\n\n\n<p><\/p>\n\n\n\n<div class=\"wp-block-buttons is-layout-flex wp-block-buttons-is-layout-flex\">\n<div class=\"wp-block-button\"><a class=\"wp-block-button__link wp-element-button\" href=\"https:\/\/vrtec-sezana.si\/?page_id=11490\">GALERIJA<\/a><\/div>\n<\/div>\n","protected":false},"excerpt":{"rendered":"<p>V vrtcu Lokev se zavedamo, kako pomembno je bivanje na sve\u017eem zraku in kako pozitiven u\u010dinek na otroka ima do\u017eivetje v naravi, zato otrokom zelo pogosto ponudimo izku\u0161njo do\u017eivljanja narave, ki jo prejmejo s konkretnimi dra\u017eljaji. Naravo moramo do\u017eiveti, do\u017eivljamo pa jo&#8230;<\/p>\n","protected":false},"author":23,"featured_media":11515,"comment_status":"closed","ping_status":"closed","sticky":false,"template":"","format":"standard","meta":{"footnotes":""},"categories":[13],"tags":[],"jetpack_featured_media_url":"https:\/\/vrtec-sezana.si\/wp-content\/uploads\/2024\/04\/000-7.jpg","_links":{"self":[{"href":"https:\/\/vrtec-sezana.si\/index.php?rest_route=\/wp\/v2\/posts\/11514"}],"collection":[{"href":"https:\/\/vrtec-sezana.si\/index.php?rest_route=\/wp\/v2\/posts"}],"about":[{"href":"https:\/\/vrtec-sezana.si\/index.php?rest_route=\/wp\/v2\/types\/post"}],"author":[{"embeddable":true,"href":"https:\/\/vrtec-sezana.si\/index.php?rest_route=\/wp\/v2\/users\/23"}],"replies":[{"embeddable":true,"href":"https:\/\/vrtec-sezana.si\/index.php?rest_route=%2Fwp%2Fv2%2Fcomments&post=11514"}],"version-history":[{"count":1,"href":"https:\/\/vrtec-sezana.si\/index.php?rest_route=\/wp\/v2\/posts\/11514\/revisions"}],"predecessor-version":[{"id":11516,"href":"https:\/\/vrtec-sezana.si\/index.php?rest_route=\/wp\/v2\/posts\/11514\/revisions\/11516"}],"wp:featuredmedia":[{"embeddable":true,"href":"https:\/\/vrtec-sezana.si\/index.php?rest_route=\/wp\/v2\/media\/11515"}],"wp:attachment":[{"href":"https:\/\/vrtec-sezana.si\/index.php?rest_route=%2Fwp%2Fv2%2Fmedia&parent=11514"}],"wp:term":[{"taxonomy":"category","embeddable":true,"href":"https:\/\/vrtec-sezana.si\/index.php?rest_route=%2Fwp%2Fv2%2Fcategories&post=11514"},{"taxonomy":"post_tag","embeddable":true,"href":"https:\/\/vrtec-sezana.si\/index.php?rest_route=%2Fwp%2Fv2%2Ftags&post=11514"}],"curies":[{"name":"wp","href":"https:\/\/api.w.org\/{rel}","templated":true}]}}