{"id":1149,"date":"2023-10-19T14:47:00","date_gmt":"2023-10-19T13:47:00","guid":{"rendered":"http:\/\/977.ablak.arnes.si\/?p=1149"},"modified":"2024-02-19T14:50:01","modified_gmt":"2024-02-19T13:50:01","slug":"zacetki-v-skupini-ovcke","status":"publish","type":"post","link":"https:\/\/vrtec-sezana.si\/?p=1149","title":{"rendered":"ZA\u010cETKI V SKUPINI OV\u010cKE"},"content":{"rendered":"\n<p>&nbsp;S septembrom 2023 se je odprla tudi na\u0161a skupina Ov\u010dke. Vanjo je trenutno vklju\u010denih 12 otrok, ki se \u017ee veselo igrajo in spoznavajo na\u0161 vrtec. Mesec september je bil za nas predvsem uvajalni mesec. Toplo septembrsko vreme smo izkoristili za igro na na\u0161i terasi, kjer smo se nadihali sve\u017eega zraka. Z oktobrom smo za\u010deli praznovanja rojstnih dni na\u0161ih mal\u010dkov. Ti so potekali (in \u0161e vedno potekajo) s slavljen\u010devo najljub\u0161o glasbo in veliko rajanja z baloni. 21. oktobra smo praznovali \u00bbPrvi dan jeseni\u00ab. Na ta dan smo se preizkusili v izvajanju \u00bbPozdrava soncu\u00ab. Najbolj nam je bila v\u0161e\u010d \u00bbgora\u00ab, kjer smo se lahko dobro raztegnili in pomahali soncu v pozdrav. Otroci so z veseljem opazovali slike, na katerih je prikazano ve\u010d polo\u017eajev Pozdrava soncu, prilagojenih za izvajanje z otroki.&nbsp; Po dobri vadbi smo si privo\u0161\u010dili tudi pravo jesensko malico s sezonskim sadjem. Mizo smo si jesensko okrasili in oku\u0161ali slastne plodove, ki nam jih nudi barvita jesen.<\/p>\n\n\n\n<p>&nbsp;Besedilo in fotografije: Tadeja Po\u017ear<\/p>\n\n\n\n<div class=\"wp-block-buttons is-layout-flex wp-block-buttons-is-layout-flex\">\n<div class=\"wp-block-button\"><a class=\"wp-block-button__link wp-element-button\" href=\"https:\/\/vrtec-sezana.si\/?page_id=2860\">GALERIJA<\/a><\/div>\n<\/div>\n","protected":false},"excerpt":{"rendered":"<p>&nbsp;S septembrom 2023 se je odprla tudi na\u0161a skupina Ov\u010dke. Vanjo je trenutno vklju\u010denih 12 otrok, ki se \u017ee veselo igrajo in spoznavajo na\u0161 vrtec. Mesec september je bil za nas predvsem uvajalni mesec. Toplo septembrsko vreme smo izkoristili za igro na&#8230;<\/p>\n","protected":false},"author":1,"featured_media":169,"comment_status":"closed","ping_status":"closed","sticky":false,"template":"","format":"standard","meta":{"footnotes":""},"categories":[6],"tags":[],"jetpack_featured_media_url":"https:\/\/vrtec-sezana.si\/wp-content\/uploads\/2023\/11\/OpisLehte.jpg","_links":{"self":[{"href":"https:\/\/vrtec-sezana.si\/index.php?rest_route=\/wp\/v2\/posts\/1149"}],"collection":[{"href":"https:\/\/vrtec-sezana.si\/index.php?rest_route=\/wp\/v2\/posts"}],"about":[{"href":"https:\/\/vrtec-sezana.si\/index.php?rest_route=\/wp\/v2\/types\/post"}],"author":[{"embeddable":true,"href":"https:\/\/vrtec-sezana.si\/index.php?rest_route=\/wp\/v2\/users\/1"}],"replies":[{"embeddable":true,"href":"https:\/\/vrtec-sezana.si\/index.php?rest_route=%2Fwp%2Fv2%2Fcomments&post=1149"}],"version-history":[{"count":3,"href":"https:\/\/vrtec-sezana.si\/index.php?rest_route=\/wp\/v2\/posts\/1149\/revisions"}],"predecessor-version":[{"id":7134,"href":"https:\/\/vrtec-sezana.si\/index.php?rest_route=\/wp\/v2\/posts\/1149\/revisions\/7134"}],"wp:featuredmedia":[{"embeddable":true,"href":"https:\/\/vrtec-sezana.si\/index.php?rest_route=\/wp\/v2\/media\/169"}],"wp:attachment":[{"href":"https:\/\/vrtec-sezana.si\/index.php?rest_route=%2Fwp%2Fv2%2Fmedia&parent=1149"}],"wp:term":[{"taxonomy":"category","embeddable":true,"href":"https:\/\/vrtec-sezana.si\/index.php?rest_route=%2Fwp%2Fv2%2Fcategories&post=1149"},{"taxonomy":"post_tag","embeddable":true,"href":"https:\/\/vrtec-sezana.si\/index.php?rest_route=%2Fwp%2Fv2%2Ftags&post=1149"}],"curies":[{"name":"wp","href":"https:\/\/api.w.org\/{rel}","templated":true}]}}