{"id":11292,"date":"2024-04-24T09:23:49","date_gmt":"2024-04-24T08:23:49","guid":{"rendered":"https:\/\/vrtec-sezana.si\/?p=11292"},"modified":"2024-04-24T09:23:49","modified_gmt":"2024-04-24T08:23:49","slug":"razvrscali-smo-odpadke","status":"publish","type":"post","link":"https:\/\/vrtec-sezana.si\/?p=11292","title":{"rendered":"Razvr\u0161\u010dali smo odpadke"},"content":{"rendered":"\n<p>V skupini Gumbki smo spoznavali pomen recikliranja. Uvodoma smo si v sklopu projekta EKO zeleni nahrbtnik ogledali predstavo Ekologija. Za teden dni nas je obiskala tudi zmaj\u010dica Brina, ki si je z nami ogledala ekolo\u0161ki otok. Sledile so razli\u010dne dejavnosti s katerimi smo spoznavali pomen lo\u010devanja odpadkov. Preko razli\u010dnih dejavnosti in iger smo se nau\u010dili pravilno razvr\u0161\u010dati odpadke. Poleg dejavnosti razvr\u0161\u010danja smo si ogledali risanko Pujsa Pepa \u2013 Zabava z odpadki, prebirali smo slikanico EKO Zmaj\u010dek (M. Podgor\u0161ek) in se nau\u010dili novo pesem Ko\u0161ek (J. Bitenc). Z odpadnim materialom smo tudi ustvarjali. Izdelovali smo kola\u017e iz karton\u010dkov razli\u010dnih oblik.<\/p>\n\n\n\n<p>Besedilo: Mateja Marolt<\/p>\n\n\n\n<p>Fotografije: Anja Jenko<\/p>\n\n\n\n<div class=\"wp-block-buttons is-layout-flex wp-block-buttons-is-layout-flex\">\n<div class=\"wp-block-button\"><a class=\"wp-block-button__link wp-element-button\" href=\"https:\/\/vrtec-sezana.si\/?page_id=11281\">GALERIJA<\/a><\/div>\n<\/div>\n","protected":false},"excerpt":{"rendered":"<p>V skupini Gumbki smo spoznavali pomen recikliranja. Uvodoma smo si v sklopu projekta EKO zeleni nahrbtnik ogledali predstavo Ekologija. Za teden dni nas je obiskala tudi zmaj\u010dica Brina, ki si je z nami ogledala ekolo\u0161ki otok. Sledile so razli\u010dne dejavnosti s katerimi&#8230;<\/p>\n","protected":false},"author":9,"featured_media":11293,"comment_status":"closed","ping_status":"closed","sticky":false,"template":"","format":"standard","meta":{"footnotes":""},"categories":[14],"tags":[],"jetpack_featured_media_url":"https:\/\/vrtec-sezana.si\/wp-content\/uploads\/2024\/04\/0307307001604495510.jpg","_links":{"self":[{"href":"https:\/\/vrtec-sezana.si\/index.php?rest_route=\/wp\/v2\/posts\/11292"}],"collection":[{"href":"https:\/\/vrtec-sezana.si\/index.php?rest_route=\/wp\/v2\/posts"}],"about":[{"href":"https:\/\/vrtec-sezana.si\/index.php?rest_route=\/wp\/v2\/types\/post"}],"author":[{"embeddable":true,"href":"https:\/\/vrtec-sezana.si\/index.php?rest_route=\/wp\/v2\/users\/9"}],"replies":[{"embeddable":true,"href":"https:\/\/vrtec-sezana.si\/index.php?rest_route=%2Fwp%2Fv2%2Fcomments&post=11292"}],"version-history":[{"count":1,"href":"https:\/\/vrtec-sezana.si\/index.php?rest_route=\/wp\/v2\/posts\/11292\/revisions"}],"predecessor-version":[{"id":11294,"href":"https:\/\/vrtec-sezana.si\/index.php?rest_route=\/wp\/v2\/posts\/11292\/revisions\/11294"}],"wp:featuredmedia":[{"embeddable":true,"href":"https:\/\/vrtec-sezana.si\/index.php?rest_route=\/wp\/v2\/media\/11293"}],"wp:attachment":[{"href":"https:\/\/vrtec-sezana.si\/index.php?rest_route=%2Fwp%2Fv2%2Fmedia&parent=11292"}],"wp:term":[{"taxonomy":"category","embeddable":true,"href":"https:\/\/vrtec-sezana.si\/index.php?rest_route=%2Fwp%2Fv2%2Fcategories&post=11292"},{"taxonomy":"post_tag","embeddable":true,"href":"https:\/\/vrtec-sezana.si\/index.php?rest_route=%2Fwp%2Fv2%2Ftags&post=11292"}],"curies":[{"name":"wp","href":"https:\/\/api.w.org\/{rel}","templated":true}]}}