{"id":11079,"date":"2024-04-21T19:57:45","date_gmt":"2024-04-21T18:57:45","guid":{"rendered":"https:\/\/vrtec-sezana.si\/?p=11079"},"modified":"2024-04-21T19:57:45","modified_gmt":"2024-04-21T18:57:45","slug":"raziskovanje-gozda","status":"publish","type":"post","link":"https:\/\/vrtec-sezana.si\/?p=11079","title":{"rendered":"Raziskovanje gozda"},"content":{"rendered":"\n<p>Otroci iz skupine &#8220;Zaj\u010dki&#8221; so v tem \u0161olskem letu sodelovali v Unescovem projektu &#8220;Gozd in naravno okolje skozi otrokove o\u010di&#8221;, saj zelo radi pre\u017eivljajo \u010das v naravi. Sprva smo si jeseni zastavili cilj, da se bomo do gozda odpravili enkrat mese\u010dno, saj je gozd kar precej oddaljen od vrtca, zato smo zanj porabili ve\u010dino dopoldneva. Ker smo v spomladanskih mesecih dobili kar veliko toplih in son\u010dnih dni, pa smo na \u017eeljo otrok odhajali v gozd tedensko. Pri tem so bili aktivno vklju\u010deni v pripravo nahrbtnika (pomagali so pakirati lon\u010dke, sadje, rezervna obla\u010dila, rob\u010dke), na njihovo \u017eeljo smo v\u010dasih vzeli tudi \u0161portne rekvizite. V gozdu sva spodbujali njihovo radovednost, pustili sva jim \u010das, da so raziskovali gozdna tla ter se spoznavali z majhnimi \u017eivalicami ter opazovali spremembe v naravi. V gozdu so se igrali z gozdnimi plodovi, ki so jim bili na voljo. Ve\u010dkrat smo gozd izkoristili tudi za u\u010dilnico v naravi, v kateri smo spoznavali pravljice, se pogovarjali o na\u0161ih izku\u0161njah ter med hojo prepevali in utrjevali pesmi, ki smo se jih skupaj nau\u010dili. K sodelovanju smo povabili tudi star\u0161e. Vsak otrok je za en teden dobil domov Zaj\u010dkov nahrbtnik, v katerem se je skrivala tudi naloga: gozdni bingo. Dru\u017eine so tako od\u0161le v gozd, kjer so skupaj iskali predmete v bingu, v zvezek pa so zapisali in pokazali utrinke iz gozda. Dru\u017einsko nalogo so naredili vsi otroci in star\u0161i. \u00a0<\/p>\n\n\n\n<p>Izjave otrok med obiskovanjem gozda:<\/p>\n\n\n\n<ul>\n<li>Son\u010dko ne pride v gozd, ker se boji volka.<\/li>\n\n\n\n<li>Jaz sem vidla ka\u010do, da se skriva na kamnu in nas gleda.<\/li>\n\n\n\n<li>Meni je fino tekat po listih, pa ku primem palco in jo vr\u017eem dale\u010d.<\/li>\n\n\n\n<li>En stric je pozabil bundo v gozdu, je delal drva, zdej ga pa zebe.<\/li>\n\n\n\n<li>Sem vidla metulj\u010dka, pa mi\u010dkeno mravljo, ma se je skrila, ker smo tolko tekli.<\/li>\n\n\n\n<li>Sem s pal\u010dko narisala mene (\u00bb\u010drko v imenu o.p.\u00ab), bom povedala mami, da me bo najdla tuki po tleh.<\/li>\n\n\n\n<li>Ojoj\u2026 mi\u0161ka je umrla, zdej jo pa lohko mravljice pojejo\u2026 bo mama od mi\u0161ke \u017ealostna, ker je ni ve\u010d\u2026<\/li>\n\n\n\n<li>Sem najdla pikapolonice, ma ne znajo letet\u2026 jih lohko primemo in nas \u017ega\u010dkajo po roki\u2026. Vidi!<\/li>\n\n\n\n<li>Meni je fajn it v gozd, ker lohko dosti te\u010demo\u2026 in gremo dale\u010d, dale\u010d.<\/li>\n\n\n\n<li>Meni je fajn, ker lohko damo palce po tleh in potem lohko ska\u010demo in hodimo po njih.<\/li>\n\n\n\n<li>Jaz sem videl ena taka vrata, ku se niso odprla\u2026 da \u017eivalce vejo, da ne smejo it naprej\u2026<\/li>\n\n\n\n<li>Jaz hodim tukej z mamo, nabiramo ro\u017eice\u2026 in si nesemo rucaha, da imamo lohko sokca zraven.<\/li>\n\n\n\n<li>Meni je fajn kadar lohko pijemo in jemo po dekci\u2026 in gledamo pti\u010dke\u2026 &nbsp;<\/li>\n\n\n\n<li>Jaz sem peljala zaj\u010dka v gozd, sem pokazala, kako sko\u010dim s kamna na tla\u2026 Sem lohko pobarvala listek tam, ku sem ga potem zalepla v knjigico- na\u0161o od Zaj\u010dkov.<\/li>\n\n\n\n<li>Jaz sem lohko nabirala stor\u017eke, sem jih pobarvala in dala na jelkico\u2026 smo nardili tudi take kapce za stor\u017eke, da jih ni zeblo.<\/li>\n<\/ul>\n\n\n\n<p>      <\/p>\n\n\n\n<p>Besedilo: Mateja Lah Vojska<\/p>\n\n\n\n<p>Fotografije: Maru\u0161a Sera\u017ein in Mateja Lah Vojska<\/p>\n\n\n\n<p><br><\/p>\n\n\n\n<p><\/p>\n\n\n\n<p><\/p>\n\n\n\n<div class=\"wp-block-buttons is-layout-flex wp-block-buttons-is-layout-flex\">\n<div class=\"wp-block-button\"><a class=\"wp-block-button__link wp-element-button\" href=\"https:\/\/vrtec-sezana.si\/?page_id=11055\">GALERIJA<\/a><\/div>\n<\/div>\n","protected":false},"excerpt":{"rendered":"<p>Otroci iz skupine &#8220;Zaj\u010dki&#8221; so v tem \u0161olskem letu sodelovali v Unescovem projektu &#8220;Gozd in naravno okolje skozi otrokove o\u010di&#8221;, saj zelo radi pre\u017eivljajo \u010das v naravi. Sprva smo si jeseni zastavili cilj, da se bomo do gozda odpravili enkrat mese\u010dno, saj&#8230;<\/p>\n","protected":false},"author":6,"featured_media":11077,"comment_status":"closed","ping_status":"closed","sticky":false,"template":"","format":"standard","meta":{"footnotes":""},"categories":[6],"tags":[],"jetpack_featured_media_url":"https:\/\/vrtec-sezana.si\/wp-content\/uploads\/2024\/04\/20240419_135542-scaled-e1713725639544.jpg","_links":{"self":[{"href":"https:\/\/vrtec-sezana.si\/index.php?rest_route=\/wp\/v2\/posts\/11079"}],"collection":[{"href":"https:\/\/vrtec-sezana.si\/index.php?rest_route=\/wp\/v2\/posts"}],"about":[{"href":"https:\/\/vrtec-sezana.si\/index.php?rest_route=\/wp\/v2\/types\/post"}],"author":[{"embeddable":true,"href":"https:\/\/vrtec-sezana.si\/index.php?rest_route=\/wp\/v2\/users\/6"}],"replies":[{"embeddable":true,"href":"https:\/\/vrtec-sezana.si\/index.php?rest_route=%2Fwp%2Fv2%2Fcomments&post=11079"}],"version-history":[{"count":1,"href":"https:\/\/vrtec-sezana.si\/index.php?rest_route=\/wp\/v2\/posts\/11079\/revisions"}],"predecessor-version":[{"id":11080,"href":"https:\/\/vrtec-sezana.si\/index.php?rest_route=\/wp\/v2\/posts\/11079\/revisions\/11080"}],"wp:featuredmedia":[{"embeddable":true,"href":"https:\/\/vrtec-sezana.si\/index.php?rest_route=\/wp\/v2\/media\/11077"}],"wp:attachment":[{"href":"https:\/\/vrtec-sezana.si\/index.php?rest_route=%2Fwp%2Fv2%2Fmedia&parent=11079"}],"wp:term":[{"taxonomy":"category","embeddable":true,"href":"https:\/\/vrtec-sezana.si\/index.php?rest_route=%2Fwp%2Fv2%2Fcategories&post=11079"},{"taxonomy":"post_tag","embeddable":true,"href":"https:\/\/vrtec-sezana.si\/index.php?rest_route=%2Fwp%2Fv2%2Ftags&post=11079"}],"curies":[{"name":"wp","href":"https:\/\/api.w.org\/{rel}","templated":true}]}}